{"id":72472,"date":"2024-03-10T12:11:45","date_gmt":"2024-03-10T11:11:45","guid":{"rendered":"https:\/\/jugulajm.net\/?p=72472"},"modified":"2024-03-10T12:11:45","modified_gmt":"2024-03-10T11:11:45","slug":"emrat-fotot-itali-sherr-mes-bandave-shqiptare-ja-kush-eshte-autori-dhe-viktima","status":"publish","type":"post","link":"https:\/\/jugulajm.net\/?p=72472","title":{"rendered":"EMRAT-FOTOT\/ Itali, sherr mes bandave shqiptare, ja kush \u00ebsht\u00eb autori dhe viktima&#8230;"},"content":{"rendered":"<p>Mediat italiane kan\u00eb publikuar emrat e autorit dhe viktim\u00ebs nga p\u00ebrplasja mes bandave shqiptare, e regjistruar mbr\u00ebmjen e djeshme n\u00eb qend\u00ebr t\u00eb Frosinones n\u00eb Itali.<\/p>\n<p>Raportohet se viktim\u00eb ka mbetur shtetasi 27-vje\u00e7ari Kasem Kasmi, nd\u00ebrsa ndaj tij dhe tre bashk\u00ebkombasve t\u00eb tij ka q\u00eblluar me arm\u00eb zjarri shtetasi Mikea Zeka, 23-vje\u00e7.<\/p>\n<p>Ky i fundit \u00ebsht\u00eb arrestuar nga Policia italiane, nd\u00ebrsa jan\u00eb identifikuar dhe shpallur n\u00eb k\u00ebrkim dhe tre personat e tjer\u00eb q\u00eb kan\u00eb qen\u00eb me t\u00eb.<\/p>\n<p>Prokuroria e akuzon Mikea Zek\u00ebn p\u00ebr vepr\u00ebn penale t\u00eb vrasjes me paramendim dhe vrasjes s\u00eb trefisht\u00eb t\u00eb mbetur n\u00eb tentativ\u00eb.<\/p>\n<p><strong>DINAMIKA<\/strong><\/p>\n<p>Fillimisht sherri mes dy bandave rivale shqiptare nisi brenda Shake Bar, nj\u00eb lokal mjaft i frekuentuar nga t\u00eb rinjt\u00eb n\u00eb zon\u00eb. M\u00eb pas t\u00eb dy grupet u p\u00ebrball\u00ebn me nj\u00ebri-tjetrin n\u00eb rrug\u00eb.<\/p>\n<p>Viktima dhe tre t\u00eb plagosurit ishin ulur n\u00eb nj\u00eb tavolin\u00eb n\u00eb restorant, nd\u00ebrsa dy prej autor\u00ebve mb\u00ebrrit\u00ebn me nj\u00eb automjet tip \u201cLancia\u201d pak para or\u00ebs 19:30 dhe filluan t\u00eb debatojn\u00eb me ta me tone t\u00eb larta. Pas disa debatesh, nj\u00ebri person tjet\u00ebr, dyshohet Mikea Zeka, doli nga makina, nxori nj\u00eb arm\u00eb pistolet\u00eb t\u00eb kalibrit 22 dhe ka q\u00eblluar 4 ose 5 her\u00eb t\u00eb kat\u00ebr shqiptar\u00ebt e tjer\u00eb.<\/p>\n<p>Nj\u00eb prej plumbave kapi 27-vje\u00e7arin Kasem Kasmi n\u00eb qaf\u00eb dhe nd\u00ebrroi jet\u00eb n\u00eb vend. T\u00eb tjer\u00ebt u plagos\u00ebn n\u00eb bark dhe n\u00eb k\u00ebmb\u00eb. Ata jan\u00eb d\u00ebrguar n\u00eb spital ku ndodhen n\u00eb kujdesin e mjek\u00ebve.<\/p>\n<figure id=\"attachment_1350428\" class=\"wp-caption alignnone\" aria-describedby=\"caption-attachment-1350428\"><img loading=\"lazy\" loading=\"lazy\" decoding=\"async\" class=\"size-medium wp-image-1350428\" src=\"https:\/\/boldnews.al\/wp-content\/uploads\/2024\/03\/kasem-kasmi-640x640.jpg\" sizes=\"auto, (max-width: 640px) 100vw, 640px\" srcset=\"https:\/\/boldnews.al\/wp-content\/uploads\/2024\/03\/kasem-kasmi-640x640.jpg 640w, https:\/\/boldnews.al\/wp-content\/uploads\/2024\/03\/kasem-kasmi-160x160.jpg 160w, https:\/\/boldnews.al\/wp-content\/uploads\/2024\/03\/kasem-kasmi-1024x1024.jpg 1024w, https:\/\/boldnews.al\/wp-content\/uploads\/2024\/03\/kasem-kasmi-75x75.jpg 75w, https:\/\/boldnews.al\/wp-content\/uploads\/2024\/03\/kasem-kasmi-350x350.jpg 350w, https:\/\/boldnews.al\/wp-content\/uploads\/2024\/03\/kasem-kasmi-750x750.jpg 750w, https:\/\/boldnews.al\/wp-content\/uploads\/2024\/03\/kasem-kasmi.jpg 1080w\" alt=\"\" width=\"640\" height=\"640\" data-pin-no-hover=\"true\" \/><figcaption id=\"caption-attachment-1350428\" class=\"wp-caption-text\">Kasem Kasmi<\/figcaption><\/figure>\n<p>Pas krimit, autor\u00ebt braktis\u00ebn n\u00eb vendin e ngjarjes automjetin tip \u201cLancia Ypsilon\u201d dhe u larguan n\u00eb k\u00ebmb\u00eb.<\/p>\n<p>N\u00eb mbr\u00ebmje von\u00eb, p\u00ebrgjat\u00eb lumit Cosa, pran\u00eb stacionit, u gjet\u00ebn rrobat e lagura me gjak q\u00eb vras\u00ebsi i dyshuar i hodhi gjat\u00eb arratisjes s\u00eb tij. Ka qen\u00eb vet\u00eb i riu q\u00eb ka treguar \u00a0ku i kishte hedhur rrobat dhe arm\u00ebn. Kjo e fundit ende nuk \u00ebsht\u00eb gjetur nga policia.<\/p>\n<p>N\u00eb momentet e para pas t\u00eb sht\u00ebnave, doli edhe lajmi p\u00ebr vdekjen e nj\u00eb t\u00eb riu t\u00eb dyt\u00eb, t\u00eb cilin burimet sh\u00ebndet\u00ebsore e mohuan m\u00eb pas n\u00eb or\u00ebt e vona t\u00eb mbr\u00ebmjes. Gjendja e tij \u00ebsht\u00eb kritike, nd\u00ebrsa dy t\u00eb plagosurit e tjer\u00eb jan\u00eb jasht\u00eb rrezikut p\u00ebr jet\u00ebn.<\/p>\n<p>Po ashtu, fillimisht u raportua se autor ishte nj\u00eb band\u00eb marokene, por m\u00eb pas rezultoi n\u00eb fakt vet\u00ebm si p\u00ebrplasje mes dy bandave rivale shqiptare<\/p>\n<p>Dyshimet e para jan\u00eb q\u00eb shkak i ngjarjes t\u00eb jen\u00eb b\u00ebr\u00eb p\u00ebrplasjet mes bandave p\u00ebr shp\u00ebrndarjen e drog\u00ebs n\u00eb nj\u00eb nga zonat m\u00eb popullore t\u00eb qytetit.<\/p>\n<p>Policia \u00ebsht\u00eb duke vijuar hetimet p\u00ebr t\u00eb rind\u00ebrtuar dinamik\u00ebn e plot\u00eb t\u00eb k\u00ebsaj ngjarje t\u00eb r\u00ebnd\u00eb q\u00eb ka shokuar opinionin vendas.<\/p>\n<p>P\u00ebr ngjarjen reagoi edhe kryebashkiaku i Frosinones i cili tha se ishte i shokuar nga krimi i r\u00ebnd\u00eb q\u00eb ndodhi n\u00eb lokalin m\u00eb t\u00eb frekuentuar nga t\u00eb rinjt\u00eb e qytetit.<\/p>\n<p>\u201cJam i shokuar, nuk mund t\u00eb them asgj\u00eb. P\u00ebr mua kjo q\u00eb ndodhi \u00ebsht\u00eb e pashpjegueshme. \u00cbsht\u00eb nj\u00eb plag\u00eb p\u00ebr t\u00eb gjith\u00eb qytetin. Mund t\u00eb konfirmoj q\u00eb nes\u00ebr n\u00eb m\u00ebngjes do t\u00eb flasim me prefektin\u201d, tha Riccardo Mastrangeli.<\/p>\n","protected":false},"excerpt":{"rendered":"<p>Mediat italiane kan\u00eb publikuar emrat e autorit dhe viktim\u00ebs nga p\u00ebrplasja mes bandave shqiptare, e regjistruar mbr\u00ebmjen e djeshme n\u00eb qend\u00ebr t\u00eb Frosinones n\u00eb Itali. Raportohet se viktim\u00eb ka mbetur shtetasi 27-vje\u00e7ari Kasem Kasmi, nd\u00ebrsa ndaj tij dhe tre bashk\u00ebkombasve t\u00eb tij ka q\u00eblluar me arm\u00eb zjarri shtetasi Mikea Zeka, 23-vje\u00e7. Ky i fundit \u00ebsht\u00eb [&hellip;]<\/p>\n","protected":false},"author":5,"featured_media":72473,"comment_status":"closed","ping_status":"closed","sticky":false,"template":"","format":"standard","meta":{"footnotes":""},"categories":[1,7664,6332],"tags":[29938,29940,29939],"class_list":{"0":"post-72472","1":"post","2":"type-post","3":"status-publish","4":"format-standard","5":"has-post-thumbnail","7":"category-aktualitet","8":"category-bota","9":"category-te-fundit","10":"tag-emrat-fotot-itali","11":"tag-ja-kush-eshte-autori-dhe-viktima","12":"tag-sherr-mes-bandave-shqiptare"},"_links":{"self":[{"href":"https:\/\/jugulajm.net\/index.php?rest_route=\/wp\/v2\/posts\/72472","targetHints":{"allow":["GET"]}}],"collection":[{"href":"https:\/\/jugulajm.net\/index.php?rest_route=\/wp\/v2\/posts"}],"about":[{"href":"https:\/\/jugulajm.net\/index.php?rest_route=\/wp\/v2\/types\/post"}],"author":[{"embeddable":true,"href":"https:\/\/jugulajm.net\/index.php?rest_route=\/wp\/v2\/users\/5"}],"replies":[{"embeddable":true,"href":"https:\/\/jugulajm.net\/index.php?rest_route=%2Fwp%2Fv2%2Fcomments&post=72472"}],"version-history":[{"count":0,"href":"https:\/\/jugulajm.net\/index.php?rest_route=\/wp\/v2\/posts\/72472\/revisions"}],"wp:featuredmedia":[{"embeddable":true,"href":"https:\/\/jugulajm.net\/index.php?rest_route=\/wp\/v2\/media\/72473"}],"wp:attachment":[{"href":"https:\/\/jugulajm.net\/index.php?rest_route=%2Fwp%2Fv2%2Fmedia&parent=72472"}],"wp:term":[{"taxonomy":"category","embeddable":true,"href":"https:\/\/jugulajm.net\/index.php?rest_route=%2Fwp%2Fv2%2Fcategories&post=72472"},{"taxonomy":"post_tag","embeddable":true,"href":"https:\/\/jugulajm.net\/index.php?rest_route=%2Fwp%2Fv2%2Ftags&post=72472"}],"curies":[{"name":"wp","href":"https:\/\/api.w.org\/{rel}","templated":true}]}}