{"id":72439,"date":"2024-03-09T09:28:08","date_gmt":"2024-03-09T08:28:08","guid":{"rendered":"https:\/\/jugulajm.net\/?p=72439"},"modified":"2024-03-09T09:28:08","modified_gmt":"2024-03-09T08:28:08","slug":"aksident-benz-i-godet-bicikleten-plagoset-65-vjecari","status":"publish","type":"post","link":"https:\/\/jugulajm.net\/?p=72439","title":{"rendered":"Aksident, &#8220;Benz-i&#8221; godet bi\u00e7iklet\u00ebn, plagoset 65-vje\u00e7ari"},"content":{"rendered":"<p>Sot me dat\u00eb 09.03.2024 rreth or\u00ebs 07:40 n\u00eb aksin rrugor \u201cLushnj\u00eb-\u00c7erm\u00eb\u201d, shtetasi A. R., 52 vje\u00e7, duke drejtuar automjetin tip \u201cBenz\u201d, ka aksidentuar shtetasin B. Z., 65 vje\u00e7, i cili po udh\u00ebtonte me bi\u00e7iklet\u00eb.<\/p>\n<p>Si pasoj\u00eb e p\u00ebrplasjes \u00ebsht\u00eb d\u00ebmtuar bi\u00e7iklisti, shtetasi B. Z., i cili ndodhet n\u00eb spital, n\u00eb kujdesin e mjek\u00ebve, jasht\u00eb rrezikut p\u00ebr jet\u00ebn.<\/p>\n<p>Grupi hetimor vazhdon veprimet n\u00eb vendngjarje p\u00ebr zbardhjen e plot\u00eb t\u00eb rrethanave t\u00eb aksidentit.<\/p>\n","protected":false},"excerpt":{"rendered":"<p>Sot me dat\u00eb 09.03.2024 rreth or\u00ebs 07:40 n\u00eb aksin rrugor \u201cLushnj\u00eb-\u00c7erm\u00eb\u201d, shtetasi A. R., 52 vje\u00e7, duke drejtuar automjetin tip \u201cBenz\u201d, ka aksidentuar shtetasin B. Z., 65 vje\u00e7, i cili po udh\u00ebtonte me bi\u00e7iklet\u00eb. Si pasoj\u00eb e p\u00ebrplasjes \u00ebsht\u00eb d\u00ebmtuar bi\u00e7iklisti, shtetasi B. Z., i cili ndodhet n\u00eb spital, n\u00eb kujdesin e mjek\u00ebve, jasht\u00eb rrezikut [&hellip;]<\/p>\n","protected":false},"author":5,"featured_media":58064,"comment_status":"closed","ping_status":"closed","sticky":false,"template":"","format":"standard","meta":{"footnotes":""},"categories":[1,6332,29228],"tags":[29918,6868,29919],"class_list":{"0":"post-72439","1":"post","2":"type-post","3":"status-publish","4":"format-standard","5":"has-post-thumbnail","7":"category-aktualitet","8":"category-te-fundit","9":"category-vendi","10":"tag-benz-i-godet-bicikleten","11":"tag-aksident","12":"tag-plagoset-65-vjecari"},"_links":{"self":[{"href":"https:\/\/jugulajm.net\/index.php?rest_route=\/wp\/v2\/posts\/72439","targetHints":{"allow":["GET"]}}],"collection":[{"href":"https:\/\/jugulajm.net\/index.php?rest_route=\/wp\/v2\/posts"}],"about":[{"href":"https:\/\/jugulajm.net\/index.php?rest_route=\/wp\/v2\/types\/post"}],"author":[{"embeddable":true,"href":"https:\/\/jugulajm.net\/index.php?rest_route=\/wp\/v2\/users\/5"}],"replies":[{"embeddable":true,"href":"https:\/\/jugulajm.net\/index.php?rest_route=%2Fwp%2Fv2%2Fcomments&post=72439"}],"version-history":[{"count":0,"href":"https:\/\/jugulajm.net\/index.php?rest_route=\/wp\/v2\/posts\/72439\/revisions"}],"wp:featuredmedia":[{"embeddable":true,"href":"https:\/\/jugulajm.net\/index.php?rest_route=\/wp\/v2\/media\/58064"}],"wp:attachment":[{"href":"https:\/\/jugulajm.net\/index.php?rest_route=%2Fwp%2Fv2%2Fmedia&parent=72439"}],"wp:term":[{"taxonomy":"category","embeddable":true,"href":"https:\/\/jugulajm.net\/index.php?rest_route=%2Fwp%2Fv2%2Fcategories&post=72439"},{"taxonomy":"post_tag","embeddable":true,"href":"https:\/\/jugulajm.net\/index.php?rest_route=%2Fwp%2Fv2%2Ftags&post=72439"}],"curies":[{"name":"wp","href":"https:\/\/api.w.org\/{rel}","templated":true}]}}