{"id":72388,"date":"2024-03-07T17:04:21","date_gmt":"2024-03-07T16:04:21","guid":{"rendered":"https:\/\/jugulajm.net\/?p=72388"},"modified":"2024-03-07T17:05:21","modified_gmt":"2024-03-07T16:05:21","slug":"lajm-i-fundit-shperthimi-qe-la-2-te-vdekur-prokuroria-ngre-3-akuza-ndaj-deputetit-te-ps-bujar-cela","status":"publish","type":"post","link":"https:\/\/jugulajm.net\/?p=72388","title":{"rendered":"LAJM I FUNDIT\/ Shp\u00ebrthimi q\u00eb la 2 t\u00eb vdekur\/ Prokuroria ngre 3 akuza ndaj deputetit t\u00eb PS, Bujar \u00c7ela"},"content":{"rendered":"<p>Shp\u00ebrthimi n\u00eb magazin\u00ebn e deputetit t\u00eb Partis\u00eb Socialiste, Bujar \u00c7ela do t\u00eb hetohet nga SPAK.<\/p>\n<p>Nd\u00ebrsa prokuroria e Fierit ka shpallur moskompentenc\u00ebn, nj\u00ebkoh\u00ebsisht ka ngritur tre akuza ndaj deputetit \u00c7ela, si \u201cShkelja e rregullave t\u00eb mbrojtjes n\u00eb pun\u00eb\u201d, \u201cNd\u00ebrtimi i paligjsh\u00ebm\u201d, dhe \u201cShkat\u00ebrimi i pron\u00ebs nga pakujdesia. Akuza jan\u00eb ngritur edhe ndaj disa inspektor\u00ebve t\u00eb Mbrojtjes s\u00eb Territorit t\u00eb Bashkis\u00eb Lushnj\u00eb.<\/p>\n<p><strong>Njoftimi:<\/strong><\/p>\n<p>Prokuroria pran\u00eb Gjykat\u00ebs s\u00eb Shkall\u00ebs s\u00eb Par\u00eb t\u00eb Juridiksionit t\u00eb P\u00ebrgjithsh\u00ebm Fier regjistroi n\u00eb dat\u00ebn 03.03.2024 \u00e7\u00ebshtjen penale nr. 358, p\u00ebr veprat penale \u201cShkelja e rregullave t\u00eb mbrojtjes n\u00eb pun\u00eb\u201d, \u201cNd\u00ebrtimi i paligjsh\u00ebm\u201d, \u201cShp\u00ebrdorimi i detyr\u00ebs\u201d dhe \u201cShkat\u00ebrimi i pron\u00ebs nga pakujdesia\u201d, parashikuar nga nenet 289 prg. 2, 199\/a prg. 4, 248 dhe 161 t\u00eb Kodit Penal.<\/p>\n<p>Kjo \u00e7\u00ebshtje penale u regjistrua lidhur me ngjarjen e ndodhur n\u00eb dat\u00ebn 01.03.2023, rreth or\u00ebs 15:30\u2019, n\u00eb lagjen \u201cKarbunar\u00eb e Poshtme\u201d, Nj\u00ebsia Admnistrative Nr.5, Lushnj\u00eb, ku si pasoj\u00eb e nj\u00eb shp\u00ebrthimi t\u00eb fuqish\u00ebm gjat\u00eb punimeve t\u00eb nd\u00ebrtimit n\u00eb objektin \u201cmagazin\u00eb\u201d, t\u00eb shtetasit B.\u00c7, kan\u00eb gjetur vdekjen dy persona dhe plagosur shtat\u00eb persona t\u00eb tjer\u00eb.<\/p>\n<p>Nga ana e policis\u00eb gjyq\u00ebsore n\u00ebn drejtimin e prokuror\u00ebve t\u00eb gatsh\u00ebm, q\u00eb kan\u00eb qen\u00eb t\u00eb pranish\u00ebm n\u00eb vendin e ngjarjes, jan\u00eb kryer veprime procedurale si, k\u00ebqyrje e vendit t\u00eb ngjarjes, kryerje\u00a0 ekspertimit teknik nd\u00ebrtimi, sekuestrimi dhe k\u00ebqyrja a dokumenteve, marrja n\u00eb pyetje e shum\u00eb personave dhe veprime t\u00eb tjera hetimore q\u00eb lidhen me natyr\u00ebn e ngjarjes.<\/p>\n<p>Pas administrimit t\u00eb t\u00eb dh\u00ebnave t\u00eb m\u00ebsip\u00ebrme dhe kryq\u00ebzimin e tyre, Prokuroria pran\u00eb Gjykat\u00ebs s\u00eb Shkall\u00ebs s\u00eb Par\u00eb Juridiksionit t\u00eb P\u00ebrgjithsh\u00ebm Fier ka regjistruar emrat e 7 (shtat\u00eb) personave q\u00eb u atribuohet vepra penale, si m\u00eb posht\u00eb:<\/p>\n<p>\u2013 Shtetasit B.\u00c7, p\u00ebr veprat penale \u201cShkelja e rregullave t\u00eb mbrojtjes n\u00eb pun\u00eb\u201d, \u201cNd\u00ebrtimi i paligjsh\u00ebm\u201d, dhe \u201cShkat\u00ebrimi i pron\u00ebs nga pakujdesia\u201d, parashikuar nga nenet 289 prg. 2, 199\/a prg. 4, dhe 161 t\u00eb Kodit Penal.<\/p>\n<p>\u2013 Shtetasit L.Gj, p\u00ebr veprat penale \u201cShkelja e rregullave t\u00eb mbrojtjes n\u00eb pun\u00eb\u201d, parashikuar nga neni 289 prg. 2 i Kodit Penal.<\/p>\n<p>\u2013 Shtetasve R.K, K.S, M.P, E.S. dhe I.U, p\u00ebr vepr\u00ebn penale \u201cShp\u00ebrdorimi i detyr\u00ebs\u201d, parashikuar nga neni 248 i Kodit Penal.<\/p>\n<p>N\u00eb kuad\u00ebr t\u00eb hetimeve t\u00eb \u00e7\u00ebshtjes penale, Prokuroria pran\u00eb Gjykat\u00ebs s\u00eb Shkall\u00ebs s\u00eb Par\u00eb Juridiksionit t\u00eb P\u00ebrgjithsh\u00ebm Fier ka nxjerr\u00eb urdh\u00ebr ndalimi p\u00ebr shtetasit L.Gj, i cili \u00ebsht\u00eb ekzekutuar nga policia gjyq\u00ebsore.<\/p>\n<p>Po ashtu, Prokuroria pran\u00eb Gjykat\u00ebs s\u00eb Shkall\u00ebs s\u00eb Par\u00eb Juridiksionit t\u00eb P\u00ebrgjithsh\u00ebm Fier ka k\u00ebrkuar n\u00eb gjykat\u00eb caktimin e masave t\u00eb sigurimit me karakter ndalues dhe shtr\u00ebngues \u201cPezullimi i ushtrimit t\u00eb nj\u00eb detyre a sh\u00ebrbimi publik\u201d dhe \u201cNdalimi i daljes jasht\u00eb shtetit\u201d, parashikuar nga nenet 242 e 233 t\u00eb Kodit t\u00eb Procedur\u00ebs Penale, ndaj shtetasve m\u00eb posht\u00eb:<\/p>\n<p>\u2013Shtetasit R.K, me detyr\u00ebn e kryeinspektorit t\u00eb Inspektoriatit t\u00eb Mbrojtjes s\u00eb Territorit, Bashkia Lushnj\u00eb.<\/p>\n<p>\u2013Shtetasve M.P, E.S., K.S, me detyr\u00ebn e inspektor\u00ebve t\u00eb Inspektoriatit t\u00eb Mbrojtjes s\u00eb Territorit, Bashkia Lushnj\u00eb.<\/p>\n<p>\u2013Shtetasit I.U, me detyr\u00ebn e inspektorit t\u00eb p\u00ebrgjithsh\u00ebm t\u00eb Nj\u00ebsis\u00eb Bashkiake Nr. 5, Bashkia Lushnj\u00eb.<\/p>\n<p>Gjykata e Shkall\u00ebs s\u00eb Par\u00eb Juridiksionit t\u00eb P\u00ebrgjithsh\u00ebm Fier ka pranuar k\u00ebrkesat e m\u00ebsip\u00ebrme t\u00eb prokuroris\u00eb dhe aktualisht vendimi i gjykat\u00ebs \u00ebsht\u00eb ekzekutuar.<\/p>\n<p>N\u00eb vijim, Prokuroria pran\u00eb Gjykat\u00ebs s\u00eb Shkall\u00ebs s\u00eb Par\u00eb Juridiksionit t\u00eb P\u00ebrgjithsh\u00ebm Fier, bazuar n\u00eb nenet 28 pika 1, 75\/a, g\u00ebrma \u201cc\u201d e 84 t\u00eb Kodit t\u00eb Procedur\u00ebs Penale, ka shpallur moskompetenc\u00ebn l\u00ebndore dhe i ka d\u00ebrguar aktet e \u00e7\u00ebshtjes penale Prokuroris\u00eb s\u00eb Posa\u00e7me Kund\u00ebr Korrupsionit dhe Krimit t\u00eb Organizuar, Tiran\u00eb, si prokuroria kompetente p\u00ebr shkak t\u00eb subjektit, p\u00ebr t\u00eb vijuar hetimet ndaj shtetasi B.\u00c7, deputet i Kuvendit t\u00eb Shqip\u00ebris\u00eb.<\/p>\n","protected":false},"excerpt":{"rendered":"<p>Shp\u00ebrthimi n\u00eb magazin\u00ebn e deputetit t\u00eb Partis\u00eb Socialiste, Bujar \u00c7ela do t\u00eb hetohet nga SPAK. Nd\u00ebrsa prokuroria e Fierit ka shpallur moskompentenc\u00ebn, nj\u00ebkoh\u00ebsisht ka ngritur tre akuza ndaj deputetit \u00c7ela, si \u201cShkelja e rregullave t\u00eb mbrojtjes n\u00eb pun\u00eb\u201d, \u201cNd\u00ebrtimi i paligjsh\u00ebm\u201d, dhe \u201cShkat\u00ebrimi i pron\u00ebs nga pakujdesia. Akuza jan\u00eb ngritur edhe ndaj disa inspektor\u00ebve t\u00eb [&hellip;]<\/p>\n","protected":false},"author":5,"featured_media":72389,"comment_status":"closed","ping_status":"closed","sticky":false,"template":"","format":"standard","meta":{"footnotes":""},"categories":[1,6332,29228],"tags":[29890,29889],"class_list":{"0":"post-72388","1":"post","2":"type-post","3":"status-publish","4":"format-standard","5":"has-post-thumbnail","7":"category-aktualitet","8":"category-te-fundit","9":"category-vendi","10":"tag-bujar-cela","11":"tag-lajm-i-fundit-shperthimi-qe-la-2-te-vdekur-prokuroria-ngre-3-akuza-ndaj-deputetit-te-ps"},"_links":{"self":[{"href":"https:\/\/jugulajm.net\/index.php?rest_route=\/wp\/v2\/posts\/72388","targetHints":{"allow":["GET"]}}],"collection":[{"href":"https:\/\/jugulajm.net\/index.php?rest_route=\/wp\/v2\/posts"}],"about":[{"href":"https:\/\/jugulajm.net\/index.php?rest_route=\/wp\/v2\/types\/post"}],"author":[{"embeddable":true,"href":"https:\/\/jugulajm.net\/index.php?rest_route=\/wp\/v2\/users\/5"}],"replies":[{"embeddable":true,"href":"https:\/\/jugulajm.net\/index.php?rest_route=%2Fwp%2Fv2%2Fcomments&post=72388"}],"version-history":[{"count":0,"href":"https:\/\/jugulajm.net\/index.php?rest_route=\/wp\/v2\/posts\/72388\/revisions"}],"wp:featuredmedia":[{"embeddable":true,"href":"https:\/\/jugulajm.net\/index.php?rest_route=\/wp\/v2\/media\/72389"}],"wp:attachment":[{"href":"https:\/\/jugulajm.net\/index.php?rest_route=%2Fwp%2Fv2%2Fmedia&parent=72388"}],"wp:term":[{"taxonomy":"category","embeddable":true,"href":"https:\/\/jugulajm.net\/index.php?rest_route=%2Fwp%2Fv2%2Fcategories&post=72388"},{"taxonomy":"post_tag","embeddable":true,"href":"https:\/\/jugulajm.net\/index.php?rest_route=%2Fwp%2Fv2%2Ftags&post=72388"}],"curies":[{"name":"wp","href":"https:\/\/api.w.org\/{rel}","templated":true}]}}