{"id":72365,"date":"2024-03-06T20:03:04","date_gmt":"2024-03-06T19:03:04","guid":{"rendered":"https:\/\/jugulajm.net\/?p=72365"},"modified":"2024-03-06T20:03:04","modified_gmt":"2024-03-06T19:03:04","slug":"emrat-ndryshime-ne-qeverine-rama-ja-kush-iken-dhe-kush-vjen","status":"publish","type":"post","link":"https:\/\/jugulajm.net\/?p=72365","title":{"rendered":"EMRAT\/ Ndryshime n\u00eb qeverin\u00eb Rama, ja kush ik\u00ebn dhe kush vjen&#8230;"},"content":{"rendered":"<p>Ndryshime n\u00eb qeverin\u00eb Rama:<\/p>\n<p>Sokol Duma em\u00ebrohet z\u00ebvend\u00ebsminist\u00ebr i Ekonomis\u00eb, Kultur\u00ebs dhe Inovacionit.<\/p>\n<p>P\u00cbR<\/p>\n<p>EM\u00cbRIM N\u00cb DETYR\u00cb<\/p>\n<p>N\u00eb mb\u00ebshtetje t\u00eb nenit 100 t\u00eb Kushtetut\u00ebs dhe t\u00eb pik\u00ebs 2, t\u00eb nenit 6, t\u00eb\u00a0\u00a0\u00a0\u00a0\u00a0\u00a0\u00a0\u00a0\u00a0\u00a0\u00a0\u00a0\u00a0\u00a0\u00a0\u00a0\u00a0\u00a0\u00a0\u00a0\u00a0\u00a0\u00a0\u00a0\u00a0\u00a0\u00a0 ligjit nr.9000, dat\u00eb 30.1.2003, \u201cP\u00ebr organizimin dhe funksionimin e K\u00ebshillit t\u00eb Ministrave\u201d, me propozimin e Kryeministrit, K\u00ebshilli i Ministrave<\/p>\n<p>V E N D O S I:<\/p>\n<ol>\n<li>Sokol Duma em\u00ebrohet z\u00ebvend\u00ebsminist\u00ebr i Ekonomis\u00eb, Kultur\u00ebs dhe Inovacionit.<\/li>\n<\/ol>\n<p>Ky vendim hyn n\u00eb fuqi menj\u00ebher\u00eb.<\/p>\n<p>V E N D I M<br \/>\nP\u00cbR<br \/>\nLIRIM DHE EM\u00cbRIM N\u00cb DETYR\u00cb<br \/>\nN\u00eb mb\u00ebshtetje t\u00eb nenit 100 t\u00eb Kushtetut\u00ebs dhe t\u00eb pik\u00ebs 2, t\u00eb nenit 6, t\u00eb ligjit nr.9000, dat\u00eb 30.1.2003, \u201cP\u00ebr organizimin dhe funksionimin e K\u00ebshillit t\u00eb Ministrave\u201d, me propozimin e Kryeministrit, K\u00ebshilli i Ministrave<br \/>\nV E N D O S I:<br \/>\nZnj. Adela Xhemali, z\u00ebvend\u00ebsminist\u00ebr i Financave dhe Ekonomis\u00eb, lirohet nga kjo detyr\u00eb dhe em\u00ebrohet z\u00ebvend\u00ebsminist\u00ebr i Financave.<br \/>\nKy vendim hyn n\u00eb fuqi menj\u00ebher\u00eb.<br \/>\nK R Y E M I N I S T R I<br \/>\nEDI RAMA<br \/>\n*<br \/>\nV E N D I M<br \/>\nP\u00cbR<br \/>\nLIRIM DHE EM\u00cbRIM N\u00cb DETYR\u00cb<br \/>\nN\u00eb mb\u00ebshtetje t\u00eb nenit 100 t\u00eb Kushtetut\u00ebs dhe t\u00eb pik\u00ebs 2, t\u00eb nenit 6, t\u00eb ligjit nr.9000, dat\u00eb 30.1.2003, \u201cP\u00ebr organizimin dhe funksionimin e K\u00ebshillit t\u00eb Ministrave\u201d, me propozimin e Kryeministrit, K\u00ebshilli i Ministrave<br \/>\nV E N D O S I:<br \/>\nZnj. Olta Manjani, z\u00ebvend\u00ebsminist\u00ebr i Financave dhe Ekonomis\u00eb, lirohet nga kjo detyr\u00eb dhe em\u00ebrohet z\u00ebvend\u00ebsminist\u00ebr i Ekonomis\u00eb, Kultur\u00ebs dhe Inovacionit.<br \/>\nKy vendim hyn n\u00eb fuqi menj\u00ebher\u00eb.<br \/>\nK R Y E M I N I S T R I<br \/>\nEDI RAMA<br \/>\n*<br \/>\nV E N D I M<br \/>\nP\u00cbR<br \/>\nLIRIM DHE EM\u00cbRIM N\u00cb DETYR\u00cb<br \/>\nN\u00eb mb\u00ebshtetje t\u00eb nenit 100 t\u00eb Kushtetut\u00ebs dhe t\u00eb pik\u00ebs 2, t\u00eb nenit 6, t\u00eb ligjit nr.9000, dat\u00eb 30.1.2003, \u201cP\u00ebr organizimin dhe funksionimin e K\u00ebshillit t\u00eb Ministrave\u201d, me propozimin e Kryeministrit, K\u00ebshilli i Ministrave<br \/>\nV E N D O S I:<br \/>\nZnj. Vasilika Vjero, z\u00ebvend\u00ebsminist\u00ebr i Financave dhe Ekonomis\u00eb, lirohet nga kjo detyr\u00eb dhe em\u00ebrohet z\u00ebvend\u00ebsminist\u00ebr i Financave.<br \/>\nKy vendim hyn n\u00eb fuqi menj\u00ebher\u00eb.<br \/>\nK R Y E M I N I S T R I<br \/>\nEDI RAMA<br \/>\n*<br \/>\nV E N D I M<br \/>\nP\u00cbR<br \/>\nLIRIM DHE EM\u00cbRIM N\u00cb DETYR\u00cb<br \/>\nN\u00eb mb\u00ebshtetje t\u00eb nenit 100 t\u00eb Kushtetut\u00ebs dhe t\u00eb pik\u00ebs 2, t\u00eb nenit 6, t\u00eb ligjit nr.9000, dat\u00eb 30.1.2003, \u201cP\u00ebr organizimin dhe funksionimin e K\u00ebshillit t\u00eb Ministrave\u201d, me propozimin e Kryeministrit, K\u00ebshilli i Ministrave<br \/>\nV E N D O S I:<br \/>\nZ. Endrit Yzeiraj, z\u00ebvend\u00ebsminist\u00ebr i Financave dhe Ekonomis\u00eb, lirohet nga kjo detyr\u00eb dhe em\u00ebrohet z\u00ebvend\u00ebsminist\u00ebr i Ekonomis\u00eb, Kultur\u00ebs dhe Inovacionit.<br \/>\nKy vendim hyn n\u00eb fuqi menj\u00ebher\u00eb.<\/p>\n","protected":false},"excerpt":{"rendered":"<p>Ndryshime n\u00eb qeverin\u00eb Rama: Sokol Duma em\u00ebrohet z\u00ebvend\u00ebsminist\u00ebr i Ekonomis\u00eb, Kultur\u00ebs dhe Inovacionit. P\u00cbR EM\u00cbRIM N\u00cb DETYR\u00cb N\u00eb mb\u00ebshtetje t\u00eb nenit 100 t\u00eb Kushtetut\u00ebs dhe t\u00eb pik\u00ebs 2, t\u00eb nenit 6, t\u00eb\u00a0\u00a0\u00a0\u00a0\u00a0\u00a0\u00a0\u00a0\u00a0\u00a0\u00a0\u00a0\u00a0\u00a0\u00a0\u00a0\u00a0\u00a0\u00a0\u00a0\u00a0\u00a0\u00a0\u00a0\u00a0\u00a0\u00a0 ligjit nr.9000, dat\u00eb 30.1.2003, \u201cP\u00ebr organizimin dhe funksionimin e K\u00ebshillit t\u00eb Ministrave\u201d, me propozimin e Kryeministrit, K\u00ebshilli i Ministrave V E N D [&hellip;]<\/p>\n","protected":false},"author":5,"featured_media":64707,"comment_status":"closed","ping_status":"closed","sticky":false,"template":"","format":"standard","meta":{"footnotes":""},"categories":[6326,6332,29228],"tags":[29880,24480],"class_list":{"0":"post-72365","1":"post","2":"type-post","3":"status-publish","4":"format-standard","5":"has-post-thumbnail","7":"category-politike","8":"category-te-fundit","9":"category-vendi","10":"tag-emrat-ndryshime-ne-qeverine-rama","11":"tag-ja-kush-iken-dhe-kush-vjen"},"_links":{"self":[{"href":"https:\/\/jugulajm.net\/index.php?rest_route=\/wp\/v2\/posts\/72365","targetHints":{"allow":["GET"]}}],"collection":[{"href":"https:\/\/jugulajm.net\/index.php?rest_route=\/wp\/v2\/posts"}],"about":[{"href":"https:\/\/jugulajm.net\/index.php?rest_route=\/wp\/v2\/types\/post"}],"author":[{"embeddable":true,"href":"https:\/\/jugulajm.net\/index.php?rest_route=\/wp\/v2\/users\/5"}],"replies":[{"embeddable":true,"href":"https:\/\/jugulajm.net\/index.php?rest_route=%2Fwp%2Fv2%2Fcomments&post=72365"}],"version-history":[{"count":0,"href":"https:\/\/jugulajm.net\/index.php?rest_route=\/wp\/v2\/posts\/72365\/revisions"}],"wp:featuredmedia":[{"embeddable":true,"href":"https:\/\/jugulajm.net\/index.php?rest_route=\/wp\/v2\/media\/64707"}],"wp:attachment":[{"href":"https:\/\/jugulajm.net\/index.php?rest_route=%2Fwp%2Fv2%2Fmedia&parent=72365"}],"wp:term":[{"taxonomy":"category","embeddable":true,"href":"https:\/\/jugulajm.net\/index.php?rest_route=%2Fwp%2Fv2%2Fcategories&post=72365"},{"taxonomy":"post_tag","embeddable":true,"href":"https:\/\/jugulajm.net\/index.php?rest_route=%2Fwp%2Fv2%2Ftags&post=72365"}],"curies":[{"name":"wp","href":"https:\/\/api.w.org\/{rel}","templated":true}]}}