{"id":72363,"date":"2024-03-06T18:51:22","date_gmt":"2024-03-06T17:51:22","guid":{"rendered":"https:\/\/jugulajm.net\/?p=72363"},"modified":"2024-03-06T18:51:22","modified_gmt":"2024-03-06T17:51:22","slug":"22-vjecarja-nga-saranda-godet-me-thike-bashkeshortin","status":"publish","type":"post","link":"https:\/\/jugulajm.net\/?p=72363","title":{"rendered":"22-vje\u00e7arja nga Saranda godet me thik\u00eb bashk\u00ebshortin"},"content":{"rendered":"<p>Nj\u00eb rast dhune brenda familjes \u00ebsht\u00eb sh\u00ebnuar n\u00eb Sarand\u00eb, ku nj\u00eb \u00e7ift bashk\u00ebshort\u00ebsh jan\u00eb konfliktuar dhe sherri ka degjeneruar n\u00eb p\u00ebrdorimin e thik\u00ebs.<\/p>\n<p>Policia njofton se 22-vje\u00e7arja me iniciale A.Z. goditi me thik\u00eb n\u00eb shpatull bashk\u00ebshortin e saj L.Z. 28 vje\u00e7 duke e l\u00ebn\u00eb t\u00eb plagosur. Ngjarja ka ndodhur p\u00ebr motive banale n\u00eb banes\u00ebn e tyre n\u00eb lagjen Nr.2 t\u00eb qytetit.<\/p>\n<p>28-vje\u00e7ari u d\u00ebrgua n\u00eb spital ku ndodhet jasht\u00eb rrezikut p\u00ebr jet\u00ebn.<\/p>\n<p>Nd\u00ebrkoh\u00eb, 22-vje\u00e7arja \u00ebsht\u00eb shoq\u00ebruar nga policia n\u00eb Komisariatin e Sarand\u00ebs, p\u00ebr veprime t\u00eb m\u00ebtejshme hetimore.<\/p>\n","protected":false},"excerpt":{"rendered":"<p>Nj\u00eb rast dhune brenda familjes \u00ebsht\u00eb sh\u00ebnuar n\u00eb Sarand\u00eb, ku nj\u00eb \u00e7ift bashk\u00ebshort\u00ebsh jan\u00eb konfliktuar dhe sherri ka degjeneruar n\u00eb p\u00ebrdorimin e thik\u00ebs. Policia njofton se 22-vje\u00e7arja me iniciale A.Z. goditi me thik\u00eb n\u00eb shpatull bashk\u00ebshortin e saj L.Z. 28 vje\u00e7 duke e l\u00ebn\u00eb t\u00eb plagosur. Ngjarja ka ndodhur p\u00ebr motive banale n\u00eb banes\u00ebn e [&hellip;]<\/p>\n","protected":false},"author":5,"featured_media":51534,"comment_status":"closed","ping_status":"closed","sticky":false,"template":"","format":"standard","meta":{"footnotes":""},"categories":[1,6332,29228],"tags":[29879],"class_list":{"0":"post-72363","1":"post","2":"type-post","3":"status-publish","4":"format-standard","5":"has-post-thumbnail","7":"category-aktualitet","8":"category-te-fundit","9":"category-vendi","10":"tag-22-vjecarja-nga-saranda-godet-me-thike-bashkeshortin"},"_links":{"self":[{"href":"https:\/\/jugulajm.net\/index.php?rest_route=\/wp\/v2\/posts\/72363","targetHints":{"allow":["GET"]}}],"collection":[{"href":"https:\/\/jugulajm.net\/index.php?rest_route=\/wp\/v2\/posts"}],"about":[{"href":"https:\/\/jugulajm.net\/index.php?rest_route=\/wp\/v2\/types\/post"}],"author":[{"embeddable":true,"href":"https:\/\/jugulajm.net\/index.php?rest_route=\/wp\/v2\/users\/5"}],"replies":[{"embeddable":true,"href":"https:\/\/jugulajm.net\/index.php?rest_route=%2Fwp%2Fv2%2Fcomments&post=72363"}],"version-history":[{"count":0,"href":"https:\/\/jugulajm.net\/index.php?rest_route=\/wp\/v2\/posts\/72363\/revisions"}],"wp:featuredmedia":[{"embeddable":true,"href":"https:\/\/jugulajm.net\/index.php?rest_route=\/wp\/v2\/media\/51534"}],"wp:attachment":[{"href":"https:\/\/jugulajm.net\/index.php?rest_route=%2Fwp%2Fv2%2Fmedia&parent=72363"}],"wp:term":[{"taxonomy":"category","embeddable":true,"href":"https:\/\/jugulajm.net\/index.php?rest_route=%2Fwp%2Fv2%2Fcategories&post=72363"},{"taxonomy":"post_tag","embeddable":true,"href":"https:\/\/jugulajm.net\/index.php?rest_route=%2Fwp%2Fv2%2Ftags&post=72363"}],"curies":[{"name":"wp","href":"https:\/\/api.w.org\/{rel}","templated":true}]}}