{"id":72272,"date":"2024-03-03T12:26:37","date_gmt":"2024-03-03T11:26:37","guid":{"rendered":"https:\/\/jugulajm.net\/?p=72272"},"modified":"2024-03-03T12:26:37","modified_gmt":"2024-03-03T11:26:37","slug":"emri-foto-i-vuri-tritol-baneses-se-ilir-kociljas-identifikohet-autori-ja-kush-eshte","status":"publish","type":"post","link":"https:\/\/jugulajm.net\/?p=72272","title":{"rendered":"EMRI-FOTO\/ I vuri tritol banes\u00ebs s\u00eb Ilir Ko\u00e7iljas, identifikohet autori, ja kush \u00ebsht\u00eb&#8230;"},"content":{"rendered":"<p>\u00cbsht\u00eb identifikuar autori i cili vendosi tritol n\u00eb sht\u00ebpin\u00eb e Ilir Ko\u00e7ijas, 35-vje\u00e7arit i cili vrau para pak dit\u00ebsh me thik\u00eb fqinjin e tij Halil Koka pas nj\u00eb sherri p\u00ebr parkim.<\/p>\n<p>Raportohet se autori i vendosjes s\u00eb tritolit \u00ebsht\u00eb Florin Llana, i cili shihet n\u00eb video me nj\u00eb kapele dhe qese n\u00eb dor\u00eb, pak momente para se t\u00eb vendoste tritolin n\u00eb banes\u00ebn e t\u00eb arrestuarit p\u00ebr ngjarjen e r\u00ebnd\u00eb.<\/p>\n<p>Florin Llana \u00ebsht\u00eb larguar me nj\u00eb automjet t\u00eb cilin e ka marr\u00eb me qira dhe nj\u00eb dit\u00eb pas kryerjes s\u00eb krimit ka dal\u00eb jasht\u00eb shtetit.<\/p>\n","protected":false},"excerpt":{"rendered":"<p>\u00cbsht\u00eb identifikuar autori i cili vendosi tritol n\u00eb sht\u00ebpin\u00eb e Ilir Ko\u00e7ijas, 35-vje\u00e7arit i cili vrau para pak dit\u00ebsh me thik\u00eb fqinjin e tij Halil Koka pas nj\u00eb sherri p\u00ebr parkim. Raportohet se autori i vendosjes s\u00eb tritolit \u00ebsht\u00eb Florin Llana, i cili shihet n\u00eb video me nj\u00eb kapele dhe qese n\u00eb dor\u00eb, pak momente [&hellip;]<\/p>\n","protected":false},"author":5,"featured_media":72273,"comment_status":"closed","ping_status":"closed","sticky":false,"template":"","format":"standard","meta":{"footnotes":""},"categories":[1,6332,29228],"tags":[29829,22582,22638],"class_list":{"0":"post-72272","1":"post","2":"type-post","3":"status-publish","4":"format-standard","5":"has-post-thumbnail","7":"category-aktualitet","8":"category-te-fundit","9":"category-vendi","10":"tag-emri-foto-i-vuri-tritol-baneses-se-ilir-kociljas","11":"tag-identifikohet-autori","12":"tag-ja-kush-eshte"},"_links":{"self":[{"href":"https:\/\/jugulajm.net\/index.php?rest_route=\/wp\/v2\/posts\/72272","targetHints":{"allow":["GET"]}}],"collection":[{"href":"https:\/\/jugulajm.net\/index.php?rest_route=\/wp\/v2\/posts"}],"about":[{"href":"https:\/\/jugulajm.net\/index.php?rest_route=\/wp\/v2\/types\/post"}],"author":[{"embeddable":true,"href":"https:\/\/jugulajm.net\/index.php?rest_route=\/wp\/v2\/users\/5"}],"replies":[{"embeddable":true,"href":"https:\/\/jugulajm.net\/index.php?rest_route=%2Fwp%2Fv2%2Fcomments&post=72272"}],"version-history":[{"count":0,"href":"https:\/\/jugulajm.net\/index.php?rest_route=\/wp\/v2\/posts\/72272\/revisions"}],"wp:featuredmedia":[{"embeddable":true,"href":"https:\/\/jugulajm.net\/index.php?rest_route=\/wp\/v2\/media\/72273"}],"wp:attachment":[{"href":"https:\/\/jugulajm.net\/index.php?rest_route=%2Fwp%2Fv2%2Fmedia&parent=72272"}],"wp:term":[{"taxonomy":"category","embeddable":true,"href":"https:\/\/jugulajm.net\/index.php?rest_route=%2Fwp%2Fv2%2Fcategories&post=72272"},{"taxonomy":"post_tag","embeddable":true,"href":"https:\/\/jugulajm.net\/index.php?rest_route=%2Fwp%2Fv2%2Ftags&post=72272"}],"curies":[{"name":"wp","href":"https:\/\/api.w.org\/{rel}","templated":true}]}}