{"id":72178,"date":"2024-03-01T12:19:31","date_gmt":"2024-03-01T11:19:31","guid":{"rendered":"https:\/\/jugulajm.net\/?p=72178"},"modified":"2024-03-01T12:19:31","modified_gmt":"2024-03-01T11:19:31","slug":"vrasja-e-pellumb-metes-vajza-e-martuar-pyetet-nga-hetuesit-babi-ishte","status":"publish","type":"post","link":"https:\/\/jugulajm.net\/?p=72178","title":{"rendered":"Vrasja e P\u00ebllumb Met\u00ebs\/ Vajza e martuar pyetet nga hetuesit: Babi ishte&#8230;"},"content":{"rendered":"<p>Vajza e madhe e familjes s\u00eb P\u00ebllumb Met\u00ebs, i vrar\u00eb dhe groposur n\u00eb kasollen e bag\u00ebtive nga tre f\u00ebmij\u00ebt e tij n\u00eb Durr\u00ebs, ka deklaruar para hetuesve se babai ishte autoritar.<\/p>\n<p>Bedra Meta, e martuar, ka q\u00ebndruar me nj\u00eb linj\u00eb me deklaratat e pjes\u00ebtareve t\u00eb familjes s\u00eb saj lidhur me sherret e her\u00ebpashershme n\u00eb familjen e tyre. Q\u00eb n\u00eb krye t\u00eb her\u00ebs ajo ka deklaruar se nuk ka ditur asgj\u00eb p\u00ebr vrasjen e babait nga v\u00ebllez\u00ebrit dhe motra e saj dhe e ka marr\u00eb vesh k\u00ebt\u00eb kur ngjarja \u00ebsht\u00eb b\u00ebr\u00eb publike.<\/p>\n<p>Por ajo ka deklaruar gjithashtu se babai i tyre ka qen\u00eb njeri autoritar\u00a0dhe k\u00ebrkonte q\u00eb \u00e7do gj\u00eb n\u00eb familje t\u00eb b\u00ebhej si\u00e7 thoshte ai. Ajo po q\u00ebndron te sht\u00ebpia e gjysh\u00ebrve t\u00eb saj ku gjendet dhe e \u00ebma, n\u00eb Gjorm t\u00eb La\u00e7it.<\/p>\n<p>Nd\u00ebrkoh\u00eb lidhur me vazhdimin e hetimeve p\u00ebr zbardhjen e plot\u00eb t\u00eb vrasjes s\u00eb P\u00ebllumb Met\u00ebs n\u00eb Sh\u00ebnavlash t\u00eb Durr\u00ebsit, b\u00ebhet e ditur se pritet t\u00eb vijn\u00eb rezultatet e ekspertiz\u00ebs balistike nga loboratori shkencor n\u00eb Tiran\u00eb p\u00ebr arm\u00ebn e krimit. Ajo \u00ebsht\u00eb nj\u00eb pistolet\u00eb mod-54 ose si\u00e7 njihet ndryshe TT.<\/p>\n<div class=\"insertion-box\">\n<div class=\"\">\n<div id=\"t65e1b8cee06ac\" data-p=\"100\">Burime nga grupi hetimor b\u00ebjn\u00eb t\u00eb ditur se p\u00ebrve\u00e7 intervistave t\u00eb kryera deri tashti, ku jan\u00eb dokumentuar ato t\u00eb familjar\u00ebve t\u00eb viktim\u00ebs (dy djemve, dy vajzave, bashk\u00ebshortes dhe 3 pjes\u00ebtareve t\u00eb familjes Qatja q\u00eb k\u00ebrkonin t\u00eb b\u00ebnin shkesi me Met\u00ebt) do t\u00eb kryhen edhe disa veprime t\u00eb tjera praktike p\u00ebr ta plot\u00ebsuar dosjen hetimore.<\/div>\n<\/div>\n<\/div>\n","protected":false},"excerpt":{"rendered":"<p>Vajza e madhe e familjes s\u00eb P\u00ebllumb Met\u00ebs, i vrar\u00eb dhe groposur n\u00eb kasollen e bag\u00ebtive nga tre f\u00ebmij\u00ebt e tij n\u00eb Durr\u00ebs, ka deklaruar para hetuesve se babai ishte autoritar. Bedra Meta, e martuar, ka q\u00ebndruar me nj\u00eb linj\u00eb me deklaratat e pjes\u00ebtareve t\u00eb familjes s\u00eb saj lidhur me sherret e her\u00ebpashershme n\u00eb familjen [&hellip;]<\/p>\n","protected":false},"author":5,"featured_media":71882,"comment_status":"closed","ping_status":"closed","sticky":false,"template":"","format":"standard","meta":{"footnotes":""},"categories":[1,6332,29228],"tags":[29791],"class_list":{"0":"post-72178","1":"post","2":"type-post","3":"status-publish","4":"format-standard","5":"has-post-thumbnail","7":"category-aktualitet","8":"category-te-fundit","9":"category-vendi","10":"tag-vrasja-e-pellumb-metes-vajza-e-martuar-pyetet-nga-hetuesit-babi-ishte"},"_links":{"self":[{"href":"https:\/\/jugulajm.net\/index.php?rest_route=\/wp\/v2\/posts\/72178","targetHints":{"allow":["GET"]}}],"collection":[{"href":"https:\/\/jugulajm.net\/index.php?rest_route=\/wp\/v2\/posts"}],"about":[{"href":"https:\/\/jugulajm.net\/index.php?rest_route=\/wp\/v2\/types\/post"}],"author":[{"embeddable":true,"href":"https:\/\/jugulajm.net\/index.php?rest_route=\/wp\/v2\/users\/5"}],"replies":[{"embeddable":true,"href":"https:\/\/jugulajm.net\/index.php?rest_route=%2Fwp%2Fv2%2Fcomments&post=72178"}],"version-history":[{"count":0,"href":"https:\/\/jugulajm.net\/index.php?rest_route=\/wp\/v2\/posts\/72178\/revisions"}],"wp:featuredmedia":[{"embeddable":true,"href":"https:\/\/jugulajm.net\/index.php?rest_route=\/wp\/v2\/media\/71882"}],"wp:attachment":[{"href":"https:\/\/jugulajm.net\/index.php?rest_route=%2Fwp%2Fv2%2Fmedia&parent=72178"}],"wp:term":[{"taxonomy":"category","embeddable":true,"href":"https:\/\/jugulajm.net\/index.php?rest_route=%2Fwp%2Fv2%2Fcategories&post=72178"},{"taxonomy":"post_tag","embeddable":true,"href":"https:\/\/jugulajm.net\/index.php?rest_route=%2Fwp%2Fv2%2Ftags&post=72178"}],"curies":[{"name":"wp","href":"https:\/\/api.w.org\/{rel}","templated":true}]}}