{"id":72066,"date":"2024-02-27T22:41:38","date_gmt":"2024-02-27T21:41:38","guid":{"rendered":"https:\/\/jugulajm.net\/?p=72066"},"modified":"2024-02-27T22:43:29","modified_gmt":"2024-02-27T21:43:29","slug":"drejtoresha-e-shkolles-nxenesit-me-te-edukuar-te-shkolles-jane-ata-qe-bullizohen-me-shume","status":"publish","type":"post","link":"https:\/\/jugulajm.net\/?p=72066","title":{"rendered":"Drejtoresha e shkoll\u00ebs: Nx\u00ebn\u00ebsit m\u00eb t\u00eb edukuar t\u00eb shkoll\u00ebs jan\u00eb ata q\u00eb bullizohen m\u00eb shum\u00eb"},"content":{"rendered":"<p>Nd\u00ebrsa po diskutonte p\u00ebr bullizimin n\u00eb mesin e adoleshent\u00ebve, Rudina Maksuti, drejtoresh\u00eb e shkoll\u00ebs 9 vje\u00e7are \u201cKongresi i Manastirit, tregoi n\u00eb \u201cOpen\u201d n\u00eb News 24, tha se ata q\u00eb bien pre e k\u00ebtij fenomeni jan\u00eb f\u00ebmij\u00ebt m\u00eb t\u00eb edukuar.<\/p>\n<p>\u201cSot f\u00ebmij\u00ebt m\u00eb t\u00eb edukuar jan\u00eb m\u00eb t\u00eb bullizuarit. Sot t\u00eb jesh i edukuar \u00ebsht\u00eb fatkeq\u00ebsi!<\/p>\n<p>Sot t\u00eb ndihesh i vler\u00ebsuar nga shoq\u00ebria duhet t\u00eb p\u00ebrdor\u00ebsh nj\u00eb fjalor banal. Duhet t\u00eb kesh fjalor ofendues. V\u00ebrtet\u00eb k\u00ebto f\u00ebmij\u00eb vuajn\u00eb.<\/p>\n<p>V\u00ebshtir\u00ebsia \u00ebsht\u00eb se si t\u2019i zbulojm\u00eb. Ata q\u00eb bullizohen mbyllen n\u00eb vetvete! Nis n\u00eb klas\u00eb t\u00eb pest\u00eb ose t\u00eb gjasht\u00eb.<\/p>\n<p>Me rritjen e mosh\u00ebs, problemet do t\u00eb b\u00ebhen drastike n\u00ebse inteligjenca e shkoll\u00ebs, familjes.<\/p>\n<p>N\u00eb arsimin n\u00ebnt\u00ebvje\u00e7ar nuk jan\u00eb t\u00eb tejskajshme problemet\u201d, theksoi ajo.<\/p>\n","protected":false},"excerpt":{"rendered":"<p>Nd\u00ebrsa po diskutonte p\u00ebr bullizimin n\u00eb mesin e adoleshent\u00ebve, Rudina Maksuti, drejtoresh\u00eb e shkoll\u00ebs 9 vje\u00e7are \u201cKongresi i Manastirit, tregoi n\u00eb \u201cOpen\u201d n\u00eb News 24, tha se ata q\u00eb bien pre e k\u00ebtij fenomeni jan\u00eb f\u00ebmij\u00ebt m\u00eb t\u00eb edukuar. \u201cSot f\u00ebmij\u00ebt m\u00eb t\u00eb edukuar jan\u00eb m\u00eb t\u00eb bullizuarit. Sot t\u00eb jesh i edukuar \u00ebsht\u00eb fatkeq\u00ebsi! [&hellip;]<\/p>\n","protected":false},"author":5,"featured_media":54066,"comment_status":"closed","ping_status":"closed","sticky":false,"template":"","format":"standard","meta":{"footnotes":""},"categories":[7520,6332,29228],"tags":[29748],"class_list":{"0":"post-72066","1":"post","2":"type-post","3":"status-publish","4":"format-standard","5":"has-post-thumbnail","7":"category-arsim","8":"category-te-fundit","9":"category-vendi","10":"tag-drejtoresha-e-shkolles-nxenesit-me-te-edukuar-te-shkolles-jane-ata-qe-bullizohen-me-shume"},"_links":{"self":[{"href":"https:\/\/jugulajm.net\/index.php?rest_route=\/wp\/v2\/posts\/72066","targetHints":{"allow":["GET"]}}],"collection":[{"href":"https:\/\/jugulajm.net\/index.php?rest_route=\/wp\/v2\/posts"}],"about":[{"href":"https:\/\/jugulajm.net\/index.php?rest_route=\/wp\/v2\/types\/post"}],"author":[{"embeddable":true,"href":"https:\/\/jugulajm.net\/index.php?rest_route=\/wp\/v2\/users\/5"}],"replies":[{"embeddable":true,"href":"https:\/\/jugulajm.net\/index.php?rest_route=%2Fwp%2Fv2%2Fcomments&post=72066"}],"version-history":[{"count":0,"href":"https:\/\/jugulajm.net\/index.php?rest_route=\/wp\/v2\/posts\/72066\/revisions"}],"wp:featuredmedia":[{"embeddable":true,"href":"https:\/\/jugulajm.net\/index.php?rest_route=\/wp\/v2\/media\/54066"}],"wp:attachment":[{"href":"https:\/\/jugulajm.net\/index.php?rest_route=%2Fwp%2Fv2%2Fmedia&parent=72066"}],"wp:term":[{"taxonomy":"category","embeddable":true,"href":"https:\/\/jugulajm.net\/index.php?rest_route=%2Fwp%2Fv2%2Fcategories&post=72066"},{"taxonomy":"post_tag","embeddable":true,"href":"https:\/\/jugulajm.net\/index.php?rest_route=%2Fwp%2Fv2%2Ftags&post=72066"}],"curies":[{"name":"wp","href":"https:\/\/api.w.org\/{rel}","templated":true}]}}