{"id":71921,"date":"2024-02-24T20:33:31","date_gmt":"2024-02-24T19:33:31","guid":{"rendered":"https:\/\/jugulajm.net\/?p=71921"},"modified":"2024-02-24T20:34:12","modified_gmt":"2024-02-24T19:34:12","slug":"video-vrasja-ne-familje-flet-gruaja-e-metes-ja-pse-ndodhi-ngjarja-ku-ndodhesha-kur","status":"publish","type":"post","link":"https:\/\/jugulajm.net\/?p=71921","title":{"rendered":"VIDEO\/ Vrasja n\u00eb familje, flet gruaja e Met\u00ebs: Ja pse ndodhi ngjarja, ku ndodhesha kur&#8230;"},"content":{"rendered":"<div class=\"td_block_wrap tdb_single_content tdi_203 td-pb-border-top td_block_template_1 td-post-content tagdiv-type\" data-td-block-uid=\"tdi_203\">\n<div class=\"tdb-block-inner td-fix-index\">\n<p>Gruaja e P\u00ebllumb Met\u00ebs, 50-vje\u00e7arit i cili u vra dhe u gropos nga f\u00ebmij\u00ebt e tij, ka dh\u00ebn\u00eb n\u00eb intervist\u00eb ekskluzive p\u00ebr emisionin Review n\u00eb Euronews Albania.<\/p>\n<p>Ajo deklaroi se bashk\u00ebshorti i ndjer\u00eb ishte shum\u00eb agresiv dhe i kishte k\u00ebrc\u00ebnuar me jet\u00eb si f\u00ebmij\u00ebt dhe at\u00eb vet\u00eb.<\/p>\n<p>Ajo tha se dhuna fizike dhe psikologjike shkaktoi ngjarjen e tmerrshme ku f\u00ebmij\u00ebt organizuan plan t\u00eb vrisnin babain e tyre.<\/p>\n<p>\u201cS\u00eb pari dua t\u2019ju them q\u00eb jam shum\u00eb e r\u00ebnduar nga pik\u00ebpamja psikologjike.<\/p>\n<p>Ka ndodhur nj\u00eb gj\u00eb shum\u00eb shum\u00eb e tmerrshme, \u00ebsht\u00eb di\u00e7ka q\u00eb ka ardhur si pasoj\u00eb e nj\u00eb dhune qoft\u00eb fizike dhe psikologjike. Ka qen\u00eb njeri shum\u00eb agresiv, k\u00ebrc\u00ebnime p\u00ebr jet\u00ebn si mua dhe f\u00ebmij\u00ebve t\u00eb mi.<\/p>\n<p>Un\u00eb dija vet\u00ebm q\u00eb dhuna n\u00eb familjen time ka qen\u00eb e pranishme vahzdimisht si p\u00ebr mua dhe p\u00ebr f\u00ebmij\u00ebt e mi\u201d, tha ajo.<\/p>\n<p>Bashk\u00ebshortja e 50-vje\u00e7arit tha se nuk ishte n\u00eb dijeni t\u00eb ngjarjes dhe n\u00eb momentin kur ndodhi vrasje ndodhej n\u00eb ar\u00eb duke mbjellur jonxh\u00eb.<\/p>\n<p>Ajo tha se kur u kthye nuk u shqet\u00ebsua nga mungesa e bashk\u00ebshortit, pasi ai punonte roje dhe mungonte nat\u00ebn n\u00eb banes\u00eb.<\/p>\n<p>\u201cUn\u00eb do t\u00eb them at\u00eb q\u00eb un\u00eb di. Un\u00eb kam qen\u00eb n\u00eb sht\u00ebpi pasi punoj me bujq\u00ebsi. Dit\u00ebn e shtun\u00eb jam marr\u00eb me mbjelljen e jonxh\u00ebs n\u00eb periudh\u00ebn q\u00eb ndodhi ngjarja.<\/p>\n<p>N\u00eb drek\u00eb kam dal\u00eb nga sht\u00ebpia. Kur jam kthyer f\u00ebmij\u00ebt nuk m\u00eb kan\u00eb treguar. Jam n\u00eb gjendje shum\u00eb t\u00eb r\u00ebnduar. Un\u00eb nuk u shqet\u00ebsova at\u00eb dit\u00eb pasi im shoq punonte roje dhe her\u00eb vinte n\u00eb orar, her\u00eb jo.<\/p>\n<p>B\u00ebnte l\u00ebvizje vazhdimisht, nuk kishte nj\u00eb orar specific, mund t\u00eb mos vinte dhe dy dit\u00eb rresht, mund t\u00eb vinte n\u00eb m\u00ebngjes, ose n\u00eb 12 t\u00eb drek\u00ebs, pasi nat\u00ebn ishte n\u00eb pun\u00eb\u201d, tha ajo.<\/p>\n<div class=\"td_block_wrap tdb_single_featured_image tdi_191 tdb-content-horiz-right td-pb-border-top td_block_template_1\" data-td-block-uid=\"tdi_191\">\n<div class=\"tdb-block-inner td-fix-index\">\n<div class=\"wpb_video_wrapper\"><iframe loading=\"lazy\" id=\"333031933\" class=\"td-youtube-player\" title=\"\u201cF\u00ebmij\u00ebt nuk m\u00eb treguan p\u00ebr vrasjen\u201d\/ Meta: Isha n\u00eb ar\u00eb kur ata ekzekutuan planin\" src=\"https:\/\/www.youtube.com\/embed\/0-q6lkaNVeE?enablejsapi=1&amp;feature=oembed&amp;wmode=opaque&amp;vq=hd720&amp;&amp;&amp;\" width=\"100%\" height=\"560\" frameborder=\"0\" allowfullscreen=\"allowfullscreen\" data-gtm-yt-inspected-2=\"true\" data-gtm-yt-inspected-14=\"true\" data-mce-fragment=\"1\"><\/iframe><\/div>\n<\/div>\n<\/div>\n<\/div>\n<\/div>\n","protected":false},"excerpt":{"rendered":"<p>Gruaja e P\u00ebllumb Met\u00ebs, 50-vje\u00e7arit i cili u vra dhe u gropos nga f\u00ebmij\u00ebt e tij, ka dh\u00ebn\u00eb n\u00eb intervist\u00eb ekskluzive p\u00ebr emisionin Review n\u00eb Euronews Albania. Ajo deklaroi se bashk\u00ebshorti i ndjer\u00eb ishte shum\u00eb agresiv dhe i kishte k\u00ebrc\u00ebnuar me jet\u00eb si f\u00ebmij\u00ebt dhe at\u00eb vet\u00eb. Ajo tha se dhuna fizike dhe psikologjike shkaktoi [&hellip;]<\/p>\n","protected":false},"author":5,"featured_media":71922,"comment_status":"closed","ping_status":"closed","sticky":false,"template":"","format":"standard","meta":{"footnotes":""},"categories":[1,6332,29228],"tags":[29684,29685,29683],"class_list":{"0":"post-71921","1":"post","2":"type-post","3":"status-publish","4":"format-standard","5":"has-post-thumbnail","7":"category-aktualitet","8":"category-te-fundit","9":"category-vendi","10":"tag-flet-gruaja-e-metes-ja-pse-ndodhi-ngjarja","11":"tag-ku-ndodhesha-kur","12":"tag-video-vrasja-ne-familje"},"_links":{"self":[{"href":"https:\/\/jugulajm.net\/index.php?rest_route=\/wp\/v2\/posts\/71921","targetHints":{"allow":["GET"]}}],"collection":[{"href":"https:\/\/jugulajm.net\/index.php?rest_route=\/wp\/v2\/posts"}],"about":[{"href":"https:\/\/jugulajm.net\/index.php?rest_route=\/wp\/v2\/types\/post"}],"author":[{"embeddable":true,"href":"https:\/\/jugulajm.net\/index.php?rest_route=\/wp\/v2\/users\/5"}],"replies":[{"embeddable":true,"href":"https:\/\/jugulajm.net\/index.php?rest_route=%2Fwp%2Fv2%2Fcomments&post=71921"}],"version-history":[{"count":0,"href":"https:\/\/jugulajm.net\/index.php?rest_route=\/wp\/v2\/posts\/71921\/revisions"}],"wp:featuredmedia":[{"embeddable":true,"href":"https:\/\/jugulajm.net\/index.php?rest_route=\/wp\/v2\/media\/71922"}],"wp:attachment":[{"href":"https:\/\/jugulajm.net\/index.php?rest_route=%2Fwp%2Fv2%2Fmedia&parent=71921"}],"wp:term":[{"taxonomy":"category","embeddable":true,"href":"https:\/\/jugulajm.net\/index.php?rest_route=%2Fwp%2Fv2%2Fcategories&post=71921"},{"taxonomy":"post_tag","embeddable":true,"href":"https:\/\/jugulajm.net\/index.php?rest_route=%2Fwp%2Fv2%2Ftags&post=71921"}],"curies":[{"name":"wp","href":"https:\/\/api.w.org\/{rel}","templated":true}]}}