{"id":71897,"date":"2024-02-24T09:21:14","date_gmt":"2024-02-24T08:21:14","guid":{"rendered":"https:\/\/jugulajm.net\/?p=71897"},"modified":"2024-02-24T09:21:14","modified_gmt":"2024-02-24T08:21:14","slug":"lajm-i-fundit-digjen-dy-furgone-ishin-te-parkuara-ne-rruge-dhe","status":"publish","type":"post","link":"https:\/\/jugulajm.net\/?p=71897","title":{"rendered":"LAJM I FUNDIT\/ Digjen dy furgon\u00eb, ishin t\u00eb parkuara n\u00eb rrug\u00eb dhe&#8230;"},"content":{"rendered":"<p>Digjen dy furgon\u00eb n\u00eb Elbasan. Ngjarja ndodhi n\u00eb or\u00ebt e para t\u00eb m\u00ebngjesit t\u00eb sot\u00ebm.<\/p>\n<p>Burime zyrtare than\u00eb se zjarri ka djegur pjes\u00ebrisht 2 automjete (furgon\u00eb), n\u00eb pron\u00ebsi t\u00eb shtetasit me inicialet T. K., t\u00eb cilat kan\u00eb qen\u00eb t\u00eb parkuara n\u00eb rrug\u00eb, n\u00eb lagjen \u201cEmin Matraxhiu\u201d.<\/p>\n<p>Grupi hetimor po punon p\u00ebr p\u00ebrcaktimin e shkakut t\u00eb r\u00ebnies s\u00eb zjarrit dhe zbardhjen e rrethanave t\u00eb rastit.\u201d, thuhet n\u00eb njoftimin e policis\u00eb.<\/p>\n","protected":false},"excerpt":{"rendered":"<p>Digjen dy furgon\u00eb n\u00eb Elbasan. Ngjarja ndodhi n\u00eb or\u00ebt e para t\u00eb m\u00ebngjesit t\u00eb sot\u00ebm. Burime zyrtare than\u00eb se zjarri ka djegur pjes\u00ebrisht 2 automjete (furgon\u00eb), n\u00eb pron\u00ebsi t\u00eb shtetasit me inicialet T. K., t\u00eb cilat kan\u00eb qen\u00eb t\u00eb parkuara n\u00eb rrug\u00eb, n\u00eb lagjen \u201cEmin Matraxhiu\u201d. Grupi hetimor po punon p\u00ebr p\u00ebrcaktimin e shkakut t\u00eb [&hellip;]<\/p>\n","protected":false},"author":5,"featured_media":49307,"comment_status":"closed","ping_status":"closed","sticky":false,"template":"","format":"standard","meta":{"footnotes":""},"categories":[1,6332,29228],"tags":[29670,29669],"class_list":{"0":"post-71897","1":"post","2":"type-post","3":"status-publish","4":"format-standard","5":"has-post-thumbnail","7":"category-aktualitet","8":"category-te-fundit","9":"category-vendi","10":"tag-ishin-te-parkuara-ne-rruge-dhe","11":"tag-lajm-i-fundit-digjen-dy-furgone"},"_links":{"self":[{"href":"https:\/\/jugulajm.net\/index.php?rest_route=\/wp\/v2\/posts\/71897","targetHints":{"allow":["GET"]}}],"collection":[{"href":"https:\/\/jugulajm.net\/index.php?rest_route=\/wp\/v2\/posts"}],"about":[{"href":"https:\/\/jugulajm.net\/index.php?rest_route=\/wp\/v2\/types\/post"}],"author":[{"embeddable":true,"href":"https:\/\/jugulajm.net\/index.php?rest_route=\/wp\/v2\/users\/5"}],"replies":[{"embeddable":true,"href":"https:\/\/jugulajm.net\/index.php?rest_route=%2Fwp%2Fv2%2Fcomments&post=71897"}],"version-history":[{"count":0,"href":"https:\/\/jugulajm.net\/index.php?rest_route=\/wp\/v2\/posts\/71897\/revisions"}],"wp:featuredmedia":[{"embeddable":true,"href":"https:\/\/jugulajm.net\/index.php?rest_route=\/wp\/v2\/media\/49307"}],"wp:attachment":[{"href":"https:\/\/jugulajm.net\/index.php?rest_route=%2Fwp%2Fv2%2Fmedia&parent=71897"}],"wp:term":[{"taxonomy":"category","embeddable":true,"href":"https:\/\/jugulajm.net\/index.php?rest_route=%2Fwp%2Fv2%2Fcategories&post=71897"},{"taxonomy":"post_tag","embeddable":true,"href":"https:\/\/jugulajm.net\/index.php?rest_route=%2Fwp%2Fv2%2Ftags&post=71897"}],"curies":[{"name":"wp","href":"https:\/\/api.w.org\/{rel}","templated":true}]}}