{"id":71878,"date":"2024-02-23T17:33:19","date_gmt":"2024-02-23T16:33:19","guid":{"rendered":"https:\/\/jugulajm.net\/?p=71878"},"modified":"2024-02-23T17:34:15","modified_gmt":"2024-02-23T16:34:15","slug":"gjendet-i-varur-44-vjecari-ishte-ne-kerkim-prej-25-ditesh","status":"publish","type":"post","link":"https:\/\/jugulajm.net\/?p=71878","title":{"rendered":"Gjendet i varur 44-vje\u00e7ari, ishte n\u00eb k\u00ebrkim prej 25 dit\u00ebsh"},"content":{"rendered":"<p>Dit\u00ebn e sotme, \u00ebsht\u00eb gjendur i vet\u00ebvarur nj\u00eb 44-vje\u00e7ar.<\/p>\n<p>Burimet b\u00ebjn\u00eb me dije se 44-vje\u00e7ari \u00ebsht\u00eb shpallur n\u00eb k\u00ebrkim rreth 25 dit\u00eb m\u00eb par\u00eb.<\/p>\n<p>Ai ishte me origjin\u00eb nga Mokrra e Pogradecit dhe ka kryer aktin e r\u00ebnd\u00eb t\u00eb vet\u00ebvarjes n\u00eb banes\u00eb n\u00eb fshatin e origjin\u00ebs.<\/p>\n<p>Sipas informacioneve, 44-vje\u00e7ari nuk ka patur probleme t\u00eb sh\u00ebndetit mendor, nd\u00ebrsa kan\u00eb nisur hetimet lidhur me ngjarjen.<\/p>\n<p>Policia e Pogradecit ndodhet n\u00eb vendin e ngjarjes p\u00ebr t\u00eb pyetur d\u00ebshmitar\u00eb, nd\u00ebrsa trupi do t\u00eb \u00e7ohet n\u00eb morg p\u00ebr kqyrje.<\/p>\n","protected":false},"excerpt":{"rendered":"<p>Dit\u00ebn e sotme, \u00ebsht\u00eb gjendur i vet\u00ebvarur nj\u00eb 44-vje\u00e7ar. Burimet b\u00ebjn\u00eb me dije se 44-vje\u00e7ari \u00ebsht\u00eb shpallur n\u00eb k\u00ebrkim rreth 25 dit\u00eb m\u00eb par\u00eb. Ai ishte me origjin\u00eb nga Mokrra e Pogradecit dhe ka kryer aktin e r\u00ebnd\u00eb t\u00eb vet\u00ebvarjes n\u00eb banes\u00eb n\u00eb fshatin e origjin\u00ebs. Sipas informacioneve, 44-vje\u00e7ari nuk ka patur probleme t\u00eb sh\u00ebndetit [&hellip;]<\/p>\n","protected":false},"author":5,"featured_media":54477,"comment_status":"closed","ping_status":"closed","sticky":false,"template":"","format":"standard","meta":{"footnotes":""},"categories":[1,6332,29228],"tags":[29659,29660],"class_list":{"0":"post-71878","1":"post","2":"type-post","3":"status-publish","4":"format-standard","5":"has-post-thumbnail","7":"category-aktualitet","8":"category-te-fundit","9":"category-vendi","10":"tag-gjendet-i-varur-44-vjecari","11":"tag-ishte-ne-kerkim-prej-25-ditesh"},"_links":{"self":[{"href":"https:\/\/jugulajm.net\/index.php?rest_route=\/wp\/v2\/posts\/71878","targetHints":{"allow":["GET"]}}],"collection":[{"href":"https:\/\/jugulajm.net\/index.php?rest_route=\/wp\/v2\/posts"}],"about":[{"href":"https:\/\/jugulajm.net\/index.php?rest_route=\/wp\/v2\/types\/post"}],"author":[{"embeddable":true,"href":"https:\/\/jugulajm.net\/index.php?rest_route=\/wp\/v2\/users\/5"}],"replies":[{"embeddable":true,"href":"https:\/\/jugulajm.net\/index.php?rest_route=%2Fwp%2Fv2%2Fcomments&post=71878"}],"version-history":[{"count":0,"href":"https:\/\/jugulajm.net\/index.php?rest_route=\/wp\/v2\/posts\/71878\/revisions"}],"wp:featuredmedia":[{"embeddable":true,"href":"https:\/\/jugulajm.net\/index.php?rest_route=\/wp\/v2\/media\/54477"}],"wp:attachment":[{"href":"https:\/\/jugulajm.net\/index.php?rest_route=%2Fwp%2Fv2%2Fmedia&parent=71878"}],"wp:term":[{"taxonomy":"category","embeddable":true,"href":"https:\/\/jugulajm.net\/index.php?rest_route=%2Fwp%2Fv2%2Fcategories&post=71878"},{"taxonomy":"post_tag","embeddable":true,"href":"https:\/\/jugulajm.net\/index.php?rest_route=%2Fwp%2Fv2%2Ftags&post=71878"}],"curies":[{"name":"wp","href":"https:\/\/api.w.org\/{rel}","templated":true}]}}