{"id":71858,"date":"2024-02-23T10:57:08","date_gmt":"2024-02-23T09:57:08","guid":{"rendered":"https:\/\/jugulajm.net\/?p=71858"},"modified":"2024-02-23T10:57:08","modified_gmt":"2024-02-23T09:57:08","slug":"emrat-fotot-kjo-eshte-studentja-e-ekonomikut-qe-dyshohet-se-vrau-babane","status":"publish","type":"post","link":"https:\/\/jugulajm.net\/?p=71858","title":{"rendered":"EMRAT-FOTOT\/ Kjo \u00ebsht\u00eb studentja e Ekonomikut, q\u00eb dyshohet se vrau baban\u00eb"},"content":{"rendered":"<p>Vajza q\u00eb shihni n\u00eb foto \u00ebsht\u00eb Hygerta Meta, vajza q\u00eb dyshohet se vrau babain e saj, P\u00ebllumb Meta.<\/p>\n<p>Ngjarja u zbulua sot, nd\u00ebrsa Meta ishte shpallur prej 13 shkurtit i zhdukur nga djali i tij.<\/p>\n<p>Por pas shum\u00eb hetimesh, rezultoi se 49-vje\u00e7ari ishte vrar\u00eb nga vajza e tij, nd\u00ebrsa ishte groposur n\u00eb oborrin e banes\u00ebs.<\/p>\n<p>Krimi i r\u00ebnd\u00eb u zbulua pas hetimeve, nd\u00ebrsa vajza gjat\u00eb d\u00ebshmis\u00eb\u00a0pranoi krimin, nd\u00ebrsa pohoi se e kishte vrar\u00eb babain se ky i fundit donte q\u00eb ta fejonte pa d\u00ebshir\u00ebn e saj.<\/p>\n<p>19-vje\u00e7arja Hygerta Meta, e cila vrau t\u00eb atin n\u00eb Sh\u00ebnvlash t\u00eb Durr\u00ebsit \u00ebsht\u00eb studente e Fakultetit Ekonomik n\u00eb Tiran\u00eb.<\/p>\n<p>Dyshohet se ajo e ka ekzekutuar me pistolet\u00eb t\u00eb atin dhe m\u00eb pas e ka varrosur n\u00eb kasollen e bag\u00ebtive, pasi ai donte ta fejonte pa d\u00ebshir\u00ebn e saj.<\/p>\n<p>Jan\u00eb ende t\u00eb paqarta detajet se si ka ndodhur dinamika e ngjarjes dhe n\u00ebse ajo \u00ebsht\u00eb ndihmuar nga n\u00ebna dhe v\u00ebllez\u00ebrit e saj, t\u00eb cil\u00ebt jan\u00eb v\u00ebn\u00eb n\u00ebn hetim.<\/p>\n","protected":false},"excerpt":{"rendered":"<p>Vajza q\u00eb shihni n\u00eb foto \u00ebsht\u00eb Hygerta Meta, vajza q\u00eb dyshohet se vrau babain e saj, P\u00ebllumb Meta. Ngjarja u zbulua sot, nd\u00ebrsa Meta ishte shpallur prej 13 shkurtit i zhdukur nga djali i tij. Por pas shum\u00eb hetimesh, rezultoi se 49-vje\u00e7ari ishte vrar\u00eb nga vajza e tij, nd\u00ebrsa ishte groposur n\u00eb oborrin e banes\u00ebs. [&hellip;]<\/p>\n","protected":false},"author":5,"featured_media":71859,"comment_status":"closed","ping_status":"closed","sticky":false,"template":"","format":"standard","meta":{"footnotes":""},"categories":[1,6332,29228],"tags":[29650,29651],"class_list":{"0":"post-71858","1":"post","2":"type-post","3":"status-publish","4":"format-standard","5":"has-post-thumbnail","7":"category-aktualitet","8":"category-te-fundit","9":"category-vendi","10":"tag-emrat-fotot-kjo-eshte-studentja-e-ekonomikut","11":"tag-qe-dyshohet-se-vrau-babane"},"_links":{"self":[{"href":"https:\/\/jugulajm.net\/index.php?rest_route=\/wp\/v2\/posts\/71858","targetHints":{"allow":["GET"]}}],"collection":[{"href":"https:\/\/jugulajm.net\/index.php?rest_route=\/wp\/v2\/posts"}],"about":[{"href":"https:\/\/jugulajm.net\/index.php?rest_route=\/wp\/v2\/types\/post"}],"author":[{"embeddable":true,"href":"https:\/\/jugulajm.net\/index.php?rest_route=\/wp\/v2\/users\/5"}],"replies":[{"embeddable":true,"href":"https:\/\/jugulajm.net\/index.php?rest_route=%2Fwp%2Fv2%2Fcomments&post=71858"}],"version-history":[{"count":0,"href":"https:\/\/jugulajm.net\/index.php?rest_route=\/wp\/v2\/posts\/71858\/revisions"}],"wp:featuredmedia":[{"embeddable":true,"href":"https:\/\/jugulajm.net\/index.php?rest_route=\/wp\/v2\/media\/71859"}],"wp:attachment":[{"href":"https:\/\/jugulajm.net\/index.php?rest_route=%2Fwp%2Fv2%2Fmedia&parent=71858"}],"wp:term":[{"taxonomy":"category","embeddable":true,"href":"https:\/\/jugulajm.net\/index.php?rest_route=%2Fwp%2Fv2%2Fcategories&post=71858"},{"taxonomy":"post_tag","embeddable":true,"href":"https:\/\/jugulajm.net\/index.php?rest_route=%2Fwp%2Fv2%2Ftags&post=71858"}],"curies":[{"name":"wp","href":"https:\/\/api.w.org\/{rel}","templated":true}]}}