{"id":71835,"date":"2024-02-22T19:50:13","date_gmt":"2024-02-22T18:50:13","guid":{"rendered":"https:\/\/jugulajm.net\/?p=71835"},"modified":"2024-02-22T19:52:20","modified_gmt":"2024-02-22T18:52:20","slug":"emri-delvine-30-vjecarja-gjendet-e-varur-ne-tualet-ja-detajet","status":"publish","type":"post","link":"https:\/\/jugulajm.net\/?p=71835","title":{"rendered":"EMRI\/ 30-vje\u00e7arja gjendet e varur n\u00eb tualet, ja detajet&#8230;"},"content":{"rendered":"<p>N\u00ebna e nj\u00eb f\u00ebmije 9 vje\u00e7 \u00ebsht\u00eb gjetur e varur n\u00eb tualetin e sht\u00ebpis\u00eb s\u00eb tyre n\u00eb fshatin Fush\u00eb V\u00ebrri n\u00eb Delvin\u00eb.<\/p>\n<p>Ngjarja ka ndodhur pasditen e sotme, ku sipas raportimeve t\u00eb para, dyshohet se gruaja 30-vje\u00e7are \u00ebsht\u00eb vet\u00ebvarur.<\/p>\n<p>30-vje\u00e7arja Teuta Kondi, \u00ebsht\u00eb gjetur e pajet\u00eb nga v\u00ebllai i saj, nd\u00ebrkoh\u00eb m\u00ebsohet se bashk\u00ebshorti i saj ka qen\u00eb bari me bag\u00ebti.<\/p>\n<p>Policia dhe grupi hetimor kan\u00eb mb\u00ebrritur n\u00eb vendngjarje dhe po punojn\u00eb p\u00ebr zbardhjen e rrethanave dhe shkaqet e ngjarjes.<\/p>\n","protected":false},"excerpt":{"rendered":"<p>N\u00ebna e nj\u00eb f\u00ebmije 9 vje\u00e7 \u00ebsht\u00eb gjetur e varur n\u00eb tualetin e sht\u00ebpis\u00eb s\u00eb tyre n\u00eb fshatin Fush\u00eb V\u00ebrri n\u00eb Delvin\u00eb. Ngjarja ka ndodhur pasditen e sotme, ku sipas raportimeve t\u00eb para, dyshohet se gruaja 30-vje\u00e7are \u00ebsht\u00eb vet\u00ebvarur. 30-vje\u00e7arja Teuta Kondi, \u00ebsht\u00eb gjetur e pajet\u00eb nga v\u00ebllai i saj, nd\u00ebrkoh\u00eb m\u00ebsohet se bashk\u00ebshorti i [&hellip;]<\/p>\n","protected":false},"author":5,"featured_media":71801,"comment_status":"closed","ping_status":"closed","sticky":false,"template":"","format":"standard","meta":{"footnotes":""},"categories":[1,6332,29228],"tags":[29641,29640,21500],"class_list":{"0":"post-71835","1":"post","2":"type-post","3":"status-publish","4":"format-standard","5":"has-post-thumbnail","7":"category-aktualitet","8":"category-te-fundit","9":"category-vendi","10":"tag-30-vjecarja-gjendet-e-varur-ne-tualet","11":"tag-emri-delvine","12":"tag-ja-detajet"},"_links":{"self":[{"href":"https:\/\/jugulajm.net\/index.php?rest_route=\/wp\/v2\/posts\/71835","targetHints":{"allow":["GET"]}}],"collection":[{"href":"https:\/\/jugulajm.net\/index.php?rest_route=\/wp\/v2\/posts"}],"about":[{"href":"https:\/\/jugulajm.net\/index.php?rest_route=\/wp\/v2\/types\/post"}],"author":[{"embeddable":true,"href":"https:\/\/jugulajm.net\/index.php?rest_route=\/wp\/v2\/users\/5"}],"replies":[{"embeddable":true,"href":"https:\/\/jugulajm.net\/index.php?rest_route=%2Fwp%2Fv2%2Fcomments&post=71835"}],"version-history":[{"count":0,"href":"https:\/\/jugulajm.net\/index.php?rest_route=\/wp\/v2\/posts\/71835\/revisions"}],"wp:featuredmedia":[{"embeddable":true,"href":"https:\/\/jugulajm.net\/index.php?rest_route=\/wp\/v2\/media\/71801"}],"wp:attachment":[{"href":"https:\/\/jugulajm.net\/index.php?rest_route=%2Fwp%2Fv2%2Fmedia&parent=71835"}],"wp:term":[{"taxonomy":"category","embeddable":true,"href":"https:\/\/jugulajm.net\/index.php?rest_route=%2Fwp%2Fv2%2Fcategories&post=71835"},{"taxonomy":"post_tag","embeddable":true,"href":"https:\/\/jugulajm.net\/index.php?rest_route=%2Fwp%2Fv2%2Ftags&post=71835"}],"curies":[{"name":"wp","href":"https:\/\/api.w.org\/{rel}","templated":true}]}}