{"id":71724,"date":"2024-02-20T17:41:01","date_gmt":"2024-02-20T16:41:01","guid":{"rendered":"https:\/\/jugulajm.net\/?p=71724"},"modified":"2024-02-20T17:41:01","modified_gmt":"2024-02-20T16:41:01","slug":"foto-protesta-kombetare-e-opozites","status":"publish","type":"post","link":"https:\/\/jugulajm.net\/?p=71724","title":{"rendered":"FOTO\/ Protesta komb\u00ebtare e opozit\u00ebs"},"content":{"rendered":"<p>Fotoreporteri Felix Bilani sjell detajet e para nga pankartat dhe sloganet e protestuesve n\u00eb Bulevardin D\u00ebshmor\u00ebt e Kombit.<\/p>\n<p>Si\u00e7 shihet n\u00eb foto, nj\u00eb qytetar ka zgjedhur te vishtet i t\u00ebri me nj\u00eb &#8220;slogan&#8217; q\u00eb n\u00ebnkupton shpopullimin e friksh\u00ebm q\u00eb po ndodh n\u00eb Shqip\u00ebri dhe vrasjen e shpres\u00ebs nga regjimi autokratik i Edi Ram\u00ebs.<\/p>\n<p>&#8220;Pi iki&#8221;, &#8220;Shpresa ka vdek\u00eb&#8230;Edi Rama je gjarp\u00ebr&#8221;, shkruhet n\u00eb veshjen e qytetarit.<\/p>\n<div id=\"rekl-13\">\n<div id=\"__sap-ad-15\" class=\"__sap-ads __sap-html inline tracked\" data-title=\"Credins desktop Brenda lajmit 08\"><img decoding=\"async\" src=\"https:\/\/www.syri.net\/uploads\/syri.net\/images\/2024\/February\/20\/auto_832ddb36-8e59-4a58-83a4-82137f9945951708446365.jpg\" alt=\"Image\" \/><\/div>\n<\/div>\n<p><img decoding=\"async\" src=\"https:\/\/www.syri.net\/uploads\/syri.net\/images\/2024\/February\/20\/auto_2b9fbd8f-d95f-46d4-b43f-b60d6c3881961708446365.jpg\" alt=\"Image\" \/><\/p>\n<p><img decoding=\"async\" src=\"https:\/\/www.syri.net\/uploads\/syri.net\/images\/2024\/February\/20\/auto_6ecebdc6-6293-4bd2-8d28-39dfcd0fd2c41708446530.jpg\" alt=\"Image\" \/><\/p>\n","protected":false},"excerpt":{"rendered":"<p>Fotoreporteri Felix Bilani sjell detajet e para nga pankartat dhe sloganet e protestuesve n\u00eb Bulevardin D\u00ebshmor\u00ebt e Kombit. Si\u00e7 shihet n\u00eb foto, nj\u00eb qytetar ka zgjedhur te vishtet i t\u00ebri me nj\u00eb &#8220;slogan&#8217; q\u00eb n\u00ebnkupton shpopullimin e friksh\u00ebm q\u00eb po ndodh n\u00eb Shqip\u00ebri dhe vrasjen e shpres\u00ebs nga regjimi autokratik i Edi Ram\u00ebs. &#8220;Pi iki&#8221;, [&hellip;]<\/p>\n","protected":false},"author":5,"featured_media":71725,"comment_status":"closed","ping_status":"closed","sticky":false,"template":"","format":"standard","meta":{"footnotes":""},"categories":[1,6326,6332],"tags":[29592],"class_list":{"0":"post-71724","1":"post","2":"type-post","3":"status-publish","4":"format-standard","5":"has-post-thumbnail","7":"category-aktualitet","8":"category-politike","9":"category-te-fundit","10":"tag-foto-protesta-kombetare-e-opozites"},"_links":{"self":[{"href":"https:\/\/jugulajm.net\/index.php?rest_route=\/wp\/v2\/posts\/71724","targetHints":{"allow":["GET"]}}],"collection":[{"href":"https:\/\/jugulajm.net\/index.php?rest_route=\/wp\/v2\/posts"}],"about":[{"href":"https:\/\/jugulajm.net\/index.php?rest_route=\/wp\/v2\/types\/post"}],"author":[{"embeddable":true,"href":"https:\/\/jugulajm.net\/index.php?rest_route=\/wp\/v2\/users\/5"}],"replies":[{"embeddable":true,"href":"https:\/\/jugulajm.net\/index.php?rest_route=%2Fwp%2Fv2%2Fcomments&post=71724"}],"version-history":[{"count":0,"href":"https:\/\/jugulajm.net\/index.php?rest_route=\/wp\/v2\/posts\/71724\/revisions"}],"wp:featuredmedia":[{"embeddable":true,"href":"https:\/\/jugulajm.net\/index.php?rest_route=\/wp\/v2\/media\/71725"}],"wp:attachment":[{"href":"https:\/\/jugulajm.net\/index.php?rest_route=%2Fwp%2Fv2%2Fmedia&parent=71724"}],"wp:term":[{"taxonomy":"category","embeddable":true,"href":"https:\/\/jugulajm.net\/index.php?rest_route=%2Fwp%2Fv2%2Fcategories&post=71724"},{"taxonomy":"post_tag","embeddable":true,"href":"https:\/\/jugulajm.net\/index.php?rest_route=%2Fwp%2Fv2%2Ftags&post=71724"}],"curies":[{"name":"wp","href":"https:\/\/api.w.org\/{rel}","templated":true}]}}