{"id":71578,"date":"2024-02-16T21:23:29","date_gmt":"2024-02-16T20:23:29","guid":{"rendered":"https:\/\/jugulajm.net\/?p=71578"},"modified":"2024-02-16T21:23:29","modified_gmt":"2024-02-16T20:23:29","slug":"emri-video-prangoset-shqiptari-ne-bolivi-kreu-i-organizates-nderkombetare-te-droges","status":"publish","type":"post","link":"https:\/\/jugulajm.net\/?p=71578","title":{"rendered":"EMRI-VIDEO\/ Prangoset shqiptari n\u00eb Bolivi, kreu i organizat\u00ebs nd\u00ebrkomb\u00ebtare t\u00eb drog\u00ebs"},"content":{"rendered":"<p>Autoritet n\u00eb Bolivi kan\u00eb\u00a0kryer nj\u00eb operacion t\u00eb gjer\u00eb kund\u00ebr nj\u00eb grupit t\u00eb p\u00ebrfshir\u00eb n\u00eb trafikun nd\u00ebrkomb\u00ebtar t\u00eb drog\u00ebs.<\/p>\n<p>M\u00ebsohet se mes\u00a0t\u00eb arrestuarve \u00ebsht\u00eb edhe shqiptari Loren Hyseni, i cili dyshohet se ishte kreu i nj\u00eb organizate nd\u00ebrkomb\u00ebtare t\u00eb trafikut t\u00eb drog\u00ebs nga Bolivia n\u00eb Evrop\u00eb dhe Azi.<\/p>\n<p>Ministri bolivian i Brendsh\u00ebm, i cili dha detajet e operacionit tha se shqiptari kishte hyr\u00eb ilegalisht n\u00eb vend, nd\u00ebrsa do t\u00eb bashk\u00ebpunohet me Europol dhe Interpol p\u00ebr t\u00eb zbardhur rrjetin e trafikut.<\/p>\n<p>Operacioni u zhvillua dje nd\u00ebrsa si synim kishte arrestimin e autorit t\u00eb vrasjes s\u00eb dy personave n\u00eb San Ignacio de Velasco gjat\u00eb dit\u00ebve t\u00eb karnavaleve.<\/p>\n<div class=\"kodiim\" data-mce-contenteditable=\"false\">\n<div><iframe loading=\"lazy\" title=\"Dailymotion Video Player\" src=\"https:\/\/www.dailymotion.com\/embed\/video\/x8ss23k?autoplay=1\" width=\"100%\" height=\"150\" frameborder=\"0\" allowfullscreen=\"allowfullscreen\" data-mce-fragment=\"1\" data-ex-slot-check=\"iframe_ex_slot_1\"><\/iframe><\/div>\n<\/div>\n","protected":false},"excerpt":{"rendered":"<p>Autoritet n\u00eb Bolivi kan\u00eb\u00a0kryer nj\u00eb operacion t\u00eb gjer\u00eb kund\u00ebr nj\u00eb grupit t\u00eb p\u00ebrfshir\u00eb n\u00eb trafikun nd\u00ebrkomb\u00ebtar t\u00eb drog\u00ebs. M\u00ebsohet se mes\u00a0t\u00eb arrestuarve \u00ebsht\u00eb edhe shqiptari Loren Hyseni, i cili dyshohet se ishte kreu i nj\u00eb organizate nd\u00ebrkomb\u00ebtare t\u00eb trafikut t\u00eb drog\u00ebs nga Bolivia n\u00eb Evrop\u00eb dhe Azi. Ministri bolivian i Brendsh\u00ebm, i cili dha detajet [&hellip;]<\/p>\n","protected":false},"author":5,"featured_media":71579,"comment_status":"closed","ping_status":"closed","sticky":false,"template":"","format":"standard","meta":{"footnotes":""},"categories":[1,7664,6332],"tags":[29510,29511],"class_list":{"0":"post-71578","1":"post","2":"type-post","3":"status-publish","4":"format-standard","5":"has-post-thumbnail","7":"category-aktualitet","8":"category-bota","9":"category-te-fundit","10":"tag-emri-video-prangoset-shqiptari-ne-bolivi","11":"tag-kreu-i-organizates-nderkombetare-te-droges"},"_links":{"self":[{"href":"https:\/\/jugulajm.net\/index.php?rest_route=\/wp\/v2\/posts\/71578","targetHints":{"allow":["GET"]}}],"collection":[{"href":"https:\/\/jugulajm.net\/index.php?rest_route=\/wp\/v2\/posts"}],"about":[{"href":"https:\/\/jugulajm.net\/index.php?rest_route=\/wp\/v2\/types\/post"}],"author":[{"embeddable":true,"href":"https:\/\/jugulajm.net\/index.php?rest_route=\/wp\/v2\/users\/5"}],"replies":[{"embeddable":true,"href":"https:\/\/jugulajm.net\/index.php?rest_route=%2Fwp%2Fv2%2Fcomments&post=71578"}],"version-history":[{"count":0,"href":"https:\/\/jugulajm.net\/index.php?rest_route=\/wp\/v2\/posts\/71578\/revisions"}],"wp:featuredmedia":[{"embeddable":true,"href":"https:\/\/jugulajm.net\/index.php?rest_route=\/wp\/v2\/media\/71579"}],"wp:attachment":[{"href":"https:\/\/jugulajm.net\/index.php?rest_route=%2Fwp%2Fv2%2Fmedia&parent=71578"}],"wp:term":[{"taxonomy":"category","embeddable":true,"href":"https:\/\/jugulajm.net\/index.php?rest_route=%2Fwp%2Fv2%2Fcategories&post=71578"},{"taxonomy":"post_tag","embeddable":true,"href":"https:\/\/jugulajm.net\/index.php?rest_route=%2Fwp%2Fv2%2Ftags&post=71578"}],"curies":[{"name":"wp","href":"https:\/\/api.w.org\/{rel}","templated":true}]}}