{"id":71543,"date":"2024-02-16T09:31:45","date_gmt":"2024-02-16T08:31:45","guid":{"rendered":"https:\/\/jugulajm.net\/?p=71543"},"modified":"2024-02-16T09:45:51","modified_gmt":"2024-02-16T08:45:51","slug":"greqi-39-vjecari-shqiptar-vret-me-arme-bashkeshorten-ja-dyshimet","status":"publish","type":"post","link":"https:\/\/jugulajm.net\/?p=71543","title":{"rendered":"Greqi\/ EMRAT\/ 39-vje\u00e7ari shqiptar vret me arm\u00eb bashk\u00ebshorten, ja dyshimet&#8230;"},"content":{"rendered":"<p>Nj\u00eb krim brenda familjes ka ndodhur n\u00eb nj\u00eb familje n\u00eb Kret\u00eb t\u00eb Greqis\u00eb, ku burri shqiptar ka vrar\u00eb bashk\u00ebshorten me origjin\u00eb rumune.<\/p>\n<p>39-vje\u00e7ari shqiptar, Gentian Mino vrau partneren e tij rumune, Jana Bajan.<\/p>\n<p>Ngjarja ka ndodhur m\u00ebngjesin e sot\u00ebm rreth or\u00ebs 07:30 sipas koh\u00ebs lokale n\u00eb banes\u00ebn e \u00e7iftit. Autori 39-vje\u00e7ar shqiptar q\u00eblloi me arm\u00eb gruan e tij duke i shkaktuar vdekjen.<\/p>\n<p>Sipas mediave greke, dyshohet se shqiptari ka qen\u00eb n\u00eb gjendje t\u00eb dehur kur vrau me arm\u00eb gruan. Pas krimit, ai e telefonoi vet\u00eb policin\u00eb.<\/p>\n<p>N\u00eb vendngjarje shkoi policia, ku konstatoi trupin e pajet\u00eb t\u00eb gruas rumune dhe arrestoi 39-vje\u00e7arin shqiptar, i cili e pranoi krimin.<\/p>\n","protected":false},"excerpt":{"rendered":"<p>Nj\u00eb krim brenda familjes ka ndodhur n\u00eb nj\u00eb familje n\u00eb Kret\u00eb t\u00eb Greqis\u00eb, ku burri shqiptar ka vrar\u00eb bashk\u00ebshorten me origjin\u00eb rumune. 39-vje\u00e7ari shqiptar, Gentian Mino vrau partneren e tij rumune, Jana Bajan. Ngjarja ka ndodhur m\u00ebngjesin e sot\u00ebm rreth or\u00ebs 07:30 sipas koh\u00ebs lokale n\u00eb banes\u00ebn e \u00e7iftit. Autori 39-vje\u00e7ar shqiptar q\u00eblloi me arm\u00eb [&hellip;]<\/p>\n","protected":false},"author":5,"featured_media":52079,"comment_status":"closed","ping_status":"closed","sticky":false,"template":"","format":"standard","meta":{"footnotes":""},"categories":[1,7664,6332],"tags":[29493,20344],"class_list":{"0":"post-71543","1":"post","2":"type-post","3":"status-publish","4":"format-standard","5":"has-post-thumbnail","7":"category-aktualitet","8":"category-bota","9":"category-te-fundit","10":"tag-greqi-39-vjecari-shqiptar-vret-me-arme-bashkeshorten","11":"tag-ja-dyshimet"},"_links":{"self":[{"href":"https:\/\/jugulajm.net\/index.php?rest_route=\/wp\/v2\/posts\/71543","targetHints":{"allow":["GET"]}}],"collection":[{"href":"https:\/\/jugulajm.net\/index.php?rest_route=\/wp\/v2\/posts"}],"about":[{"href":"https:\/\/jugulajm.net\/index.php?rest_route=\/wp\/v2\/types\/post"}],"author":[{"embeddable":true,"href":"https:\/\/jugulajm.net\/index.php?rest_route=\/wp\/v2\/users\/5"}],"replies":[{"embeddable":true,"href":"https:\/\/jugulajm.net\/index.php?rest_route=%2Fwp%2Fv2%2Fcomments&post=71543"}],"version-history":[{"count":0,"href":"https:\/\/jugulajm.net\/index.php?rest_route=\/wp\/v2\/posts\/71543\/revisions"}],"wp:featuredmedia":[{"embeddable":true,"href":"https:\/\/jugulajm.net\/index.php?rest_route=\/wp\/v2\/media\/52079"}],"wp:attachment":[{"href":"https:\/\/jugulajm.net\/index.php?rest_route=%2Fwp%2Fv2%2Fmedia&parent=71543"}],"wp:term":[{"taxonomy":"category","embeddable":true,"href":"https:\/\/jugulajm.net\/index.php?rest_route=%2Fwp%2Fv2%2Fcategories&post=71543"},{"taxonomy":"post_tag","embeddable":true,"href":"https:\/\/jugulajm.net\/index.php?rest_route=%2Fwp%2Fv2%2Ftags&post=71543"}],"curies":[{"name":"wp","href":"https:\/\/api.w.org\/{rel}","templated":true}]}}