{"id":71520,"date":"2024-02-15T18:01:04","date_gmt":"2024-02-15T17:01:04","guid":{"rendered":"https:\/\/jugulajm.net\/?p=71520"},"modified":"2024-02-15T18:01:04","modified_gmt":"2024-02-15T17:01:04","slug":"cmendet-26-vjecari-ben-per-spital-nenen-e-tij","status":"publish","type":"post","link":"https:\/\/jugulajm.net\/?p=71520","title":{"rendered":"\u00c7mendet 26-vje\u00e7ari, b\u00ebn p\u00ebr spital n\u00ebn\u00ebn e tij"},"content":{"rendered":"<p>Nj\u00eb 26 vje\u00e7ar \u00ebsht\u00eb arrestuar n\u00eb Kor\u00e7\u00eb pasi akuzohet p\u00ebr dhun\u00eb n\u00eb familje.<\/p>\n<p>E.Z, pasi ka dhunuar n\u00ebn\u00ebn e tij, e cila \u00ebsht\u00eb d\u00ebrguar n\u00eb spital p\u00ebr ndihm\u00eb mjek\u00ebsore.<\/p>\n<p><strong><em>Njoftimi i policis\u00eb:<\/em><\/strong><\/p>\n<p><em>Specialist\u00ebt p\u00ebr Hetimin e Krimeve t\u00eb Komisariatit t\u00eb Policis\u00eb Kor\u00e7\u00eb arrestuan n\u00eb flagranc\u00eb shtetasin E. Z., 26 vje\u00e7, banues n\u00eb Kor\u00e7\u00eb, pasi dyshohet se ushtroi dhun\u00eb ndaj n\u00ebn\u00ebs s\u00eb tij dhe u largua nga banesa. Pas ndjekjes nga sh\u00ebrbimet e Forc\u00ebs s\u00eb Posa\u00e7me \u201cShqiponja\u201d, 26-vje\u00e7ari u kap dhe u ndalua.<\/em><\/p>\n","protected":false},"excerpt":{"rendered":"<p>Nj\u00eb 26 vje\u00e7ar \u00ebsht\u00eb arrestuar n\u00eb Kor\u00e7\u00eb pasi akuzohet p\u00ebr dhun\u00eb n\u00eb familje. E.Z, pasi ka dhunuar n\u00ebn\u00ebn e tij, e cila \u00ebsht\u00eb d\u00ebrguar n\u00eb spital p\u00ebr ndihm\u00eb mjek\u00ebsore. Njoftimi i policis\u00eb: Specialist\u00ebt p\u00ebr Hetimin e Krimeve t\u00eb Komisariatit t\u00eb Policis\u00eb Kor\u00e7\u00eb arrestuan n\u00eb flagranc\u00eb shtetasin E. Z., 26 vje\u00e7, banues n\u00eb Kor\u00e7\u00eb, pasi dyshohet [&hellip;]<\/p>\n","protected":false},"author":5,"featured_media":47017,"comment_status":"closed","ping_status":"closed","sticky":false,"template":"","format":"standard","meta":{"footnotes":""},"categories":[1,6332,29228],"tags":[29486,29485],"class_list":{"0":"post-71520","1":"post","2":"type-post","3":"status-publish","4":"format-standard","5":"has-post-thumbnail","7":"category-aktualitet","8":"category-te-fundit","9":"category-vendi","10":"tag-ben-per-spital-nenen-e-tij","11":"tag-cmendet-26-vjecari"},"_links":{"self":[{"href":"https:\/\/jugulajm.net\/index.php?rest_route=\/wp\/v2\/posts\/71520","targetHints":{"allow":["GET"]}}],"collection":[{"href":"https:\/\/jugulajm.net\/index.php?rest_route=\/wp\/v2\/posts"}],"about":[{"href":"https:\/\/jugulajm.net\/index.php?rest_route=\/wp\/v2\/types\/post"}],"author":[{"embeddable":true,"href":"https:\/\/jugulajm.net\/index.php?rest_route=\/wp\/v2\/users\/5"}],"replies":[{"embeddable":true,"href":"https:\/\/jugulajm.net\/index.php?rest_route=%2Fwp%2Fv2%2Fcomments&post=71520"}],"version-history":[{"count":0,"href":"https:\/\/jugulajm.net\/index.php?rest_route=\/wp\/v2\/posts\/71520\/revisions"}],"wp:featuredmedia":[{"embeddable":true,"href":"https:\/\/jugulajm.net\/index.php?rest_route=\/wp\/v2\/media\/47017"}],"wp:attachment":[{"href":"https:\/\/jugulajm.net\/index.php?rest_route=%2Fwp%2Fv2%2Fmedia&parent=71520"}],"wp:term":[{"taxonomy":"category","embeddable":true,"href":"https:\/\/jugulajm.net\/index.php?rest_route=%2Fwp%2Fv2%2Fcategories&post=71520"},{"taxonomy":"post_tag","embeddable":true,"href":"https:\/\/jugulajm.net\/index.php?rest_route=%2Fwp%2Fv2%2Ftags&post=71520"}],"curies":[{"name":"wp","href":"https:\/\/api.w.org\/{rel}","templated":true}]}}