{"id":71496,"date":"2024-02-15T10:10:45","date_gmt":"2024-02-15T09:10:45","guid":{"rendered":"https:\/\/jugulajm.net\/?p=71496"},"modified":"2024-02-15T10:11:02","modified_gmt":"2024-02-15T09:11:02","slug":"vetevrasja-e-27-vjecares-coku-ne-gjykate-foton-se-nxora-une-por","status":"publish","type":"post","link":"https:\/\/jugulajm.net\/?p=71496","title":{"rendered":"Vet\u00ebvrasja e 27-vje\u00e7ares\/ \u00c7oku n\u00eb gjykat\u00eb: Foton s\u2019e nxora un\u00eb, por&#8230;"},"content":{"rendered":"<p>Altin \u00c7oku, personi q\u00eb akuzohet se shantazhoi me foto intime 27-vje\u00e7aren Sibela Abedini, ka dal\u00eb k\u00ebt\u00eb t\u00eb enjte p\u00ebrpara gjykat\u00ebs.<\/p>\n<p>Prokuroria ka k\u00ebrkuar ndaj \u00c7okut mas\u00ebn e siguris\u00eb \u201cArrest me burg\u201d p\u00ebr vepr\u00ebn penale t\u00eb \u201cShkaktimit t\u00eb vet\u00ebvrasjes\u201d.<\/p>\n<div class=\"td-a-ad id_inline_ad0 id_ad_content-horiz-center\">\n<div class=\"mobile-hide\" align=\"center\">\n<p style=\"text-align: left;\">Teksa u pyet se kush \u00ebsht\u00eb personi q\u00eb ka shp\u00ebrndar\u00eb foton intime t\u00eb 27-vje\u00e7ares, \u00c7oku mohon ta ket\u00eb b\u00ebr\u00eb ai. Ai deklaron se p\u00ebr t\u00eb kuptuar kush e ka nxjerr\u00eb foton duhen par\u00eb mesazhet te telefoni i t\u00eb ndjer\u00ebs.<\/p>\n<\/div>\n<\/div>\n<p>\u201cE kan\u00eb nxjerr\u00eb shtetas t\u00eb tjer\u00eb foton. Keni mesazhet n\u00eb telefonin e vajz\u00ebs. I shpreh ngush\u00ebllimet e mia familjes\u201d, tha \u00c7oku teksa u pyet nga gazetar\u00ebt n\u00eb gjykat\u00eb se kush ishte personi q\u00eb nxori foton intime t\u00eb 27-vje\u00e7ares q\u00eb u vet\u00ebvra.<\/p>\n<p>Altin \u00c7oku u arrestua nga policia me akuz\u00ebn se ka shtyr\u00eb drejt vet\u00ebvrasjes 27-vje\u00e7aren q\u00eb u hodh nga pallati n\u00eb Kam\u00ebz. 39-vje\u00e7ari rezulton nj\u00eb em\u00ebr i njohur p\u00ebr policin\u00eb, n\u00eb nj\u00eb tjet\u00ebr rast t\u00eb dyshuar shantazhi me foto intime ndaj nj\u00eb vajze n\u00eb La\u00e7.<\/p>\n<p>\u00c7oku \u00ebsht\u00eb i njohur nga p\u00ebrdoruesit e\u00a0Tik Tok p\u00ebr videot e tij me gjuh\u00eb t\u00eb denigruese, ku n\u00eb komunikimet live q\u00eb ai b\u00ebn me personazhet e k\u00ebtij rrjeti, shan dhe p\u00ebrdor fjalor t\u00eb pap\u00ebrshtatsh\u00ebm p\u00ebr njer\u00ebz t\u00eb ndrysh\u00ebm.<\/p>\n<p>Ai tashm\u00eb ka r\u00ebn\u00eb n\u00eb prangat e bluve t\u00eb kryeqytetit p\u00ebr shkak t\u00eb shantazheve t\u00eb vazhdueshme ndaj 27-vje\u00e7ares, e cila nga presioni publikimit t\u00eb fotos intime ka kryer vet\u00ebvrasje duke u vet\u00ebhedhur nga kati i kat\u00ebrt i banes\u00ebs ku ajo jetonte.<\/p>\n","protected":false},"excerpt":{"rendered":"<p>Altin \u00c7oku, personi q\u00eb akuzohet se shantazhoi me foto intime 27-vje\u00e7aren Sibela Abedini, ka dal\u00eb k\u00ebt\u00eb t\u00eb enjte p\u00ebrpara gjykat\u00ebs. Prokuroria ka k\u00ebrkuar ndaj \u00c7okut mas\u00ebn e siguris\u00eb \u201cArrest me burg\u201d p\u00ebr vepr\u00ebn penale t\u00eb \u201cShkaktimit t\u00eb vet\u00ebvrasjes\u201d. Teksa u pyet se kush \u00ebsht\u00eb personi q\u00eb ka shp\u00ebrndar\u00eb foton intime t\u00eb 27-vje\u00e7ares, \u00c7oku mohon ta [&hellip;]<\/p>\n","protected":false},"author":5,"featured_media":71498,"comment_status":"closed","ping_status":"closed","sticky":false,"template":"","format":"standard","meta":{"footnotes":""},"categories":[1,6332],"tags":[21429,29475],"class_list":{"0":"post-71496","1":"post","2":"type-post","3":"status-publish","4":"format-standard","5":"has-post-thumbnail","7":"category-aktualitet","8":"category-te-fundit","9":"tag-por","10":"tag-vetevrasja-e-27-vjecares-coku-ne-gjykate-foton-se-nxora-une"},"_links":{"self":[{"href":"https:\/\/jugulajm.net\/index.php?rest_route=\/wp\/v2\/posts\/71496","targetHints":{"allow":["GET"]}}],"collection":[{"href":"https:\/\/jugulajm.net\/index.php?rest_route=\/wp\/v2\/posts"}],"about":[{"href":"https:\/\/jugulajm.net\/index.php?rest_route=\/wp\/v2\/types\/post"}],"author":[{"embeddable":true,"href":"https:\/\/jugulajm.net\/index.php?rest_route=\/wp\/v2\/users\/5"}],"replies":[{"embeddable":true,"href":"https:\/\/jugulajm.net\/index.php?rest_route=%2Fwp%2Fv2%2Fcomments&post=71496"}],"version-history":[{"count":0,"href":"https:\/\/jugulajm.net\/index.php?rest_route=\/wp\/v2\/posts\/71496\/revisions"}],"wp:featuredmedia":[{"embeddable":true,"href":"https:\/\/jugulajm.net\/index.php?rest_route=\/wp\/v2\/media\/71498"}],"wp:attachment":[{"href":"https:\/\/jugulajm.net\/index.php?rest_route=%2Fwp%2Fv2%2Fmedia&parent=71496"}],"wp:term":[{"taxonomy":"category","embeddable":true,"href":"https:\/\/jugulajm.net\/index.php?rest_route=%2Fwp%2Fv2%2Fcategories&post=71496"},{"taxonomy":"post_tag","embeddable":true,"href":"https:\/\/jugulajm.net\/index.php?rest_route=%2Fwp%2Fv2%2Ftags&post=71496"}],"curies":[{"name":"wp","href":"https:\/\/api.w.org\/{rel}","templated":true}]}}