{"id":71435,"date":"2024-02-13T18:07:10","date_gmt":"2024-02-13T17:07:10","guid":{"rendered":"https:\/\/jugulajm.net\/?p=71435"},"modified":"2024-02-13T18:07:10","modified_gmt":"2024-02-13T17:07:10","slug":"27-vjecarja-u-vetevra-flet-nena-e-saj-nese-shteti-sben-gje-altinin-do-ta-bej-copash-dhe","status":"publish","type":"post","link":"https:\/\/jugulajm.net\/?p=71435","title":{"rendered":"27-vje\u00e7arja u vet\u00ebvra, flet n\u00ebna e saj: N\u00ebse shteti s&#8217;b\u00ebn gj\u00eb, Altinin do ta b\u00ebj copash dhe&#8230;"},"content":{"rendered":"<p>N\u00ebna e 27-vje\u00e7ares q\u00eb u vet\u00ebvra n\u00eb Kam\u00ebz, pas shantazheve pas nj\u00eb fotoje intime t\u00eb publikuar n\u00eb rrjetet sociale, ka th\u00ebn\u00eb se n\u00ebse shteti nuk e d\u00ebnon, ajo &#8220;do ta b\u00ebj copa-copa Altin \u00c7okun dhe kufoma do ta dor\u00ebzoj\u00eb n\u00eb Policin\u00eb e Kamz\u00ebs&#8221;.<\/p>\n<p>N\u00eb nj\u00eb rr\u00ebfim ekskluziv p\u00ebr emisionin \u201cMe zem\u00ebr t\u00eb hapur\u201d n\u00eb News24, n\u00ebna e viktim\u00ebs tha se k\u00ebrkon drejt\u00ebsi p\u00ebr vajz\u00ebn e saj.<\/p>\n<p><em>\u201cPunova dy dit\u00eb aty, m\u00eb pas gjeta nj\u00eb pun\u00eb tjet\u00ebr n\u00eb Bathore. Goca m\u00eb tha; meq\u00eb ke k\u00ebt\u00eb pun\u00ebn tjet\u00ebr, po shkoj un\u00eb aty. Dit\u00ebn e par\u00eb shkoi me goc\u00ebn, i dha 20 mij\u00eb lek\u00eb. <\/em><\/p>\n<p><em>Dit\u00ebn tjet\u00ebr shkoi vet\u00ebm, dhe nuk i kishte dh\u00ebn\u00eb lek\u00eb goc\u00ebs se do nxirrte gjoja gruan nga spitali. Dit\u00ebn e dyt\u00eb i dha nj\u00eb \u00e7ant\u00eb me lodra p\u00ebr mbes\u00ebn. M\u00eb tha; kur t\u00eb vi do t\u2019i jap lek\u00ebt. I thash\u00eb mos shko m\u00eb se do t\u00eb gjejm\u00eb nj\u00eb pun\u00eb tjet\u00ebr.<\/em><\/p>\n<p><em> Vajza nuk ishte e shqet\u00ebsuar, ishte e qet\u00eb. Dit\u00ebn e shtun\u00eb pasdite nga ora 5 erdhi motra nga puna, dhe po b\u00ebnte foto me Ambr\u00ebn. Nuk m\u00eb tha asnj\u00eb reagim se kishte shqet\u00ebsim. <\/em><\/p>\n<p><em>Dje kam qen\u00eb n\u00eb policin\u00eb e Kamz\u00ebs dhe i kam th\u00ebn\u00eb; nxirreni nga burgu. Ai n\u00eb tiktok ka th\u00ebn\u00eb se do t\u00eb dal\u00eb se \u00ebsht\u00eb me arkivol. N\u00ebse shteti nuk b\u00ebn gj\u00eb, me k\u00ebto duar, do ta b\u00ebj copa-copa dhe kufoma do t\u00eb dor\u00ebzohet n\u00eb Policin\u00eb e Kamz\u00ebs, \u00ebsht\u00eb betim q\u00eb i kam dh\u00ebn\u00eb te varri vajz\u00ebs. <\/em><\/p>\n<p><em>Djalin dhe vajz\u00ebn nuk e fus, vet\u00eb me k\u00ebto duar. N\u00ebse shteti e nxjerr at\u00eb nga burgu se \u00ebsht\u00eb me kartel\u00eb dhe \u00ebsht\u00eb pa lek\u00eb, un\u00eb do t\u00eb marr hak\u201d,<\/em> tha n\u00ebna e 27-vje\u00e7ares.<\/p>\n<p>Kujtojm\u00eb se nj\u00eb 27-vje\u00e7are i dha fund jet\u00ebs, duke u vet\u00ebhedhur nga tarraca e nj\u00eb pallati n\u00eb Kam\u00ebz pasi i kishin shp\u00ebrndar\u00eb nj\u00eb foto intime n\u00eb rrjetet sociale. Viktima ishte e martuar n\u00eb Kosov\u00eb dhe kishte dhe nj\u00eb vajz\u00eb 2 vje\u00e7e. Martesa ishte n\u00eb kriz\u00eb dhe vajza kishte shkuar n\u00eb familjen e saj n\u00eb Kam\u00ebz.<\/p>\n<p>Gjat\u00eb koh\u00ebs q\u00eb q\u00ebndronte n\u00eb Kam\u00ebz ajo pati nj\u00eb takim intim me Altin \u00c7okun i cili gjat\u00eb koh\u00ebs q\u00eb ishin n\u00eb hotel i kishte b\u00ebr\u00eb nj\u00eb foto dhe e kishte publikuar n\u00eb &#8220;Tik-Tok&#8221;.<\/p>\n","protected":false},"excerpt":{"rendered":"<p>N\u00ebna e 27-vje\u00e7ares q\u00eb u vet\u00ebvra n\u00eb Kam\u00ebz, pas shantazheve pas nj\u00eb fotoje intime t\u00eb publikuar n\u00eb rrjetet sociale, ka th\u00ebn\u00eb se n\u00ebse shteti nuk e d\u00ebnon, ajo &#8220;do ta b\u00ebj copa-copa Altin \u00c7okun dhe kufoma do ta dor\u00ebzoj\u00eb n\u00eb Policin\u00eb e Kamz\u00ebs&#8221;. N\u00eb nj\u00eb rr\u00ebfim ekskluziv p\u00ebr emisionin \u201cMe zem\u00ebr t\u00eb hapur\u201d n\u00eb News24, [&hellip;]<\/p>\n","protected":false},"author":5,"featured_media":71369,"comment_status":"closed","ping_status":"closed","sticky":false,"template":"","format":"standard","meta":{"footnotes":""},"categories":[1,6332,29228],"tags":[29449,29451,29450],"class_list":{"0":"post-71435","1":"post","2":"type-post","3":"status-publish","4":"format-standard","5":"has-post-thumbnail","7":"category-aktualitet","8":"category-te-fundit","9":"category-vendi","10":"tag-27-vjecarja-u-vetevra","11":"tag-altinin-do-ta-bej-copash-dhe","12":"tag-flet-nena-e-saj-nese-shteti-sben-gje"},"_links":{"self":[{"href":"https:\/\/jugulajm.net\/index.php?rest_route=\/wp\/v2\/posts\/71435","targetHints":{"allow":["GET"]}}],"collection":[{"href":"https:\/\/jugulajm.net\/index.php?rest_route=\/wp\/v2\/posts"}],"about":[{"href":"https:\/\/jugulajm.net\/index.php?rest_route=\/wp\/v2\/types\/post"}],"author":[{"embeddable":true,"href":"https:\/\/jugulajm.net\/index.php?rest_route=\/wp\/v2\/users\/5"}],"replies":[{"embeddable":true,"href":"https:\/\/jugulajm.net\/index.php?rest_route=%2Fwp%2Fv2%2Fcomments&post=71435"}],"version-history":[{"count":0,"href":"https:\/\/jugulajm.net\/index.php?rest_route=\/wp\/v2\/posts\/71435\/revisions"}],"wp:featuredmedia":[{"embeddable":true,"href":"https:\/\/jugulajm.net\/index.php?rest_route=\/wp\/v2\/media\/71369"}],"wp:attachment":[{"href":"https:\/\/jugulajm.net\/index.php?rest_route=%2Fwp%2Fv2%2Fmedia&parent=71435"}],"wp:term":[{"taxonomy":"category","embeddable":true,"href":"https:\/\/jugulajm.net\/index.php?rest_route=%2Fwp%2Fv2%2Fcategories&post=71435"},{"taxonomy":"post_tag","embeddable":true,"href":"https:\/\/jugulajm.net\/index.php?rest_route=%2Fwp%2Fv2%2Ftags&post=71435"}],"curies":[{"name":"wp","href":"https:\/\/api.w.org\/{rel}","templated":true}]}}