{"id":71425,"date":"2024-02-13T15:13:01","date_gmt":"2024-02-13T14:13:01","guid":{"rendered":"https:\/\/jugulajm.net\/?p=71425"},"modified":"2024-02-13T15:13:52","modified_gmt":"2024-02-13T14:13:52","slug":"spak-kerkon-denimin-me-burg-per-belerin-ja-sa-vite","status":"publish","type":"post","link":"https:\/\/jugulajm.net\/?p=71425","title":{"rendered":"SPAK k\u00ebrkon d\u00ebnimin me burg p\u00ebr Belerin, ja sa vite&#8230;"},"content":{"rendered":"<p>Prokuroria e Posa\u00e7me k\u00ebrkon q\u00eb Fredi Beleri t\u00eb d\u00ebnohet me 2 vite e 6 muaj burg pasi \u00ebsht\u00eb fajtor p\u00ebr korrupsion zgjedhor.<\/p>\n<p>N\u00eb pretenc\u00ebn e lexuar k\u00ebt\u00eb t\u00eb mart\u00eb n\u00eb seanc\u00ebn e radh\u00ebs p\u00ebr kryebashkiakun e zgjedhur, por t\u00eb pabetuar, t\u00eb Himar\u00ebs, SPAK k\u00ebrkoi edhe d\u00ebnimin me 2 vite burg p\u00ebr Pandeli Kokaveshin, por gjithashtu k\u00ebrkoi pezullim t\u00eb k\u00ebtij d\u00ebnimi dhe l\u00ebnien n\u00eb sh\u00ebrbim prove p\u00ebr 4 vite.<\/p>\n<p>Seanca p\u00ebr argumentet p\u00ebrmbyll\u00ebse t\u00eb pal\u00ebs mbrojt\u00ebse u caktua t\u00eb zhvillohet m\u00eb 28 shkurt, n\u00eb or\u00ebn 14:30. SPAK e akuzon kryebashkiakun e zgjedhur t\u00eb Himar\u00ebs p\u00ebr korrupsion n\u00eb zgjedhje.<\/p>\n<p>Ai u arrestua vet\u00ebm dy dit\u00eb para zgjedhjeve t\u00eb 14 majit dhe q\u00eb prej asaj kohe q\u00ebndron n\u00eb paraburgim, duke mos u lejuar q\u00eb t\u00eb betohet si kryebashkiak i Himar\u00ebs.<\/p>\n","protected":false},"excerpt":{"rendered":"<p>Prokuroria e Posa\u00e7me k\u00ebrkon q\u00eb Fredi Beleri t\u00eb d\u00ebnohet me 2 vite e 6 muaj burg pasi \u00ebsht\u00eb fajtor p\u00ebr korrupsion zgjedhor. N\u00eb pretenc\u00ebn e lexuar k\u00ebt\u00eb t\u00eb mart\u00eb n\u00eb seanc\u00ebn e radh\u00ebs p\u00ebr kryebashkiakun e zgjedhur, por t\u00eb pabetuar, t\u00eb Himar\u00ebs, SPAK k\u00ebrkoi edhe d\u00ebnimin me 2 vite burg p\u00ebr Pandeli Kokaveshin, por gjithashtu [&hellip;]<\/p>\n","protected":false},"author":5,"featured_media":59039,"comment_status":"closed","ping_status":"closed","sticky":false,"template":"","format":"standard","meta":{"footnotes":""},"categories":[1,6326,6332,29228],"tags":[21391,29444],"class_list":{"0":"post-71425","1":"post","2":"type-post","3":"status-publish","4":"format-standard","5":"has-post-thumbnail","7":"category-aktualitet","8":"category-politike","9":"category-te-fundit","10":"category-vendi","11":"tag-ja-sa-vite","12":"tag-spak-kerkon-denimin-me-burg-per-belerin"},"_links":{"self":[{"href":"https:\/\/jugulajm.net\/index.php?rest_route=\/wp\/v2\/posts\/71425","targetHints":{"allow":["GET"]}}],"collection":[{"href":"https:\/\/jugulajm.net\/index.php?rest_route=\/wp\/v2\/posts"}],"about":[{"href":"https:\/\/jugulajm.net\/index.php?rest_route=\/wp\/v2\/types\/post"}],"author":[{"embeddable":true,"href":"https:\/\/jugulajm.net\/index.php?rest_route=\/wp\/v2\/users\/5"}],"replies":[{"embeddable":true,"href":"https:\/\/jugulajm.net\/index.php?rest_route=%2Fwp%2Fv2%2Fcomments&post=71425"}],"version-history":[{"count":0,"href":"https:\/\/jugulajm.net\/index.php?rest_route=\/wp\/v2\/posts\/71425\/revisions"}],"wp:featuredmedia":[{"embeddable":true,"href":"https:\/\/jugulajm.net\/index.php?rest_route=\/wp\/v2\/media\/59039"}],"wp:attachment":[{"href":"https:\/\/jugulajm.net\/index.php?rest_route=%2Fwp%2Fv2%2Fmedia&parent=71425"}],"wp:term":[{"taxonomy":"category","embeddable":true,"href":"https:\/\/jugulajm.net\/index.php?rest_route=%2Fwp%2Fv2%2Fcategories&post=71425"},{"taxonomy":"post_tag","embeddable":true,"href":"https:\/\/jugulajm.net\/index.php?rest_route=%2Fwp%2Fv2%2Ftags&post=71425"}],"curies":[{"name":"wp","href":"https:\/\/api.w.org\/{rel}","templated":true}]}}