{"id":71414,"date":"2024-02-13T12:15:38","date_gmt":"2024-02-13T11:15:38","guid":{"rendered":"https:\/\/jugulajm.net\/?p=71414"},"modified":"2024-02-13T12:17:26","modified_gmt":"2024-02-13T11:17:26","slug":"video-skandali-me-safetin-flet-alma-kaci-mos-shikoni-gojen-time-por-abuzimin-e-pushtetit","status":"publish","type":"post","link":"https:\/\/jugulajm.net\/?p=71414","title":{"rendered":"VIDEO\/ Skandali me Safetin, flet Alma Ka\u00e7i: Mos shikoni goj\u00ebn time, por abuzimin e pushtetit"},"content":{"rendered":"<p>Alma Ka\u00e7i, vajza n\u00eb video-skandalin seksual t\u00eb Safet Gjicit, tha se vendimi i dh\u00ebn\u00eb p\u00ebr \u00e7\u00ebshtjen e saj dhe t\u00eb Gji\u00e7it tregoi se drejt\u00ebsia \u00ebsht\u00eb politike.\u00a0N\u00eb nj\u00eb intervist\u00eb n\u00eb emisionin &#8220;Kafe Shqeto&#8221; n\u00eb Syri Tv, Ka\u00e7i theksoi\u00a0dhe nj\u00ebher\u00eb se q\u00ebllimi i saj ishte p\u00ebr t\u00eb demaskuar zyrat shtet\u00ebrore. Po ashtu Ka\u00e7i i \u00ebsht\u00eb drejtuar dhe opinionit publik dit\u00ebn e sotme duke iu th\u00ebn\u00eb se nuk duhet t&#8217;i vij\u00eb keq p\u00ebr gojen e saj, por p\u00ebr pushtetin q\u00eb po abuzon.<\/p>\n<p><em>&#8220;Pranova ta b\u00ebj\u00eb k\u00ebt\u00eb p\u00ebr ta demaskuar n\u00eb publik dhe p\u00ebr t&#8217;i demonstruar njer\u00ebzve\u00a0se n\u00eb zyrat e k\u00ebsaj qeverisjeje ndodhin k\u00ebto. Un\u00eb\u00a0mora p\u00ebrsip\u00ebr shum\u00eb rreziqe sepse n\u00eb ato momente kur\u00a0ndodhi, nuk u mendua se do dilnin ato skena n\u00eb TV, por un\u00eb kam menduar edhe rrezikun e jet\u00ebs time. Kam lexuar\u00a0shume komente dhe shum\u00eb opinione nga m\u00eb ekstremet, je paguar &#8211; s\u2019je paguar. Un\u00eb e kam b\u00ebr\u00eb n\u00eb kuad\u00ebr t\u00eb pun\u00ebs, kam sakrifikuar veten time. Dhe opinionit publik mos t\u2019i vij\u00eb keq, po e\u00a0them hapur fare, p\u00ebr goj\u00ebn time, por t\u2019i vije keq,\u00a0p\u00ebr nj\u00eb pushtet q\u00eb po abuzon me qytetar\u00ebt. Ndjehem e p\u00ebrdorur dhe e hedhur n\u00eb rrug\u00eb si nj\u00eb leck\u00eb&#8221;,<\/em>\u00a0tha Ka\u00e7i.<\/p>\n<div class=\"framiim\" data-mce-contenteditable=\"false\"><iframe loading=\"lazy\" src=\"https:\/\/www.youtube.com\/embed\/xslWpBKnxzA\" width=\"560\" height=\"314\" allowfullscreen=\"allowfullscreen\" data-mce-fragment=\"1\" data-ex-slot-check=\"iframe_ex_slot_1\"><\/iframe><\/div>\n<p>Safet Gjici\u00a0u vu n\u00eb pranga fillimisht i akuzuar p\u00ebr &#8220;korrupsion pasiv&#8221;, pasi\u00a0dyshohet se ka favorizuar Alma Ka\u00e7in, duke i ofruar mb\u00ebshtetje financiare, me vendim t\u00eb K\u00ebshillit Bashkiak, mbi nj\u00eb projekt p\u00ebr strehimin dhe kujdesin ndaj qenve endacak\u00eb n\u00eb qytet. Vet\u00eb 40-vje\u00e7arja ka pranuar se donte nga Gjici tenderin e qenve, nd\u00ebrsa ish-kryebashkiaku ka th\u00ebn\u00eb se nuk e ka shkelur ligjin.<\/p>\n","protected":false},"excerpt":{"rendered":"<p>Alma Ka\u00e7i, vajza n\u00eb video-skandalin seksual t\u00eb Safet Gjicit, tha se vendimi i dh\u00ebn\u00eb p\u00ebr \u00e7\u00ebshtjen e saj dhe t\u00eb Gji\u00e7it tregoi se drejt\u00ebsia \u00ebsht\u00eb politike.\u00a0N\u00eb nj\u00eb intervist\u00eb n\u00eb emisionin &#8220;Kafe Shqeto&#8221; n\u00eb Syri Tv, Ka\u00e7i theksoi\u00a0dhe nj\u00ebher\u00eb se q\u00ebllimi i saj ishte p\u00ebr t\u00eb demaskuar zyrat shtet\u00ebrore. Po ashtu Ka\u00e7i i \u00ebsht\u00eb drejtuar dhe [&hellip;]<\/p>\n","protected":false},"author":5,"featured_media":71415,"comment_status":"closed","ping_status":"closed","sticky":false,"template":"","format":"standard","meta":{"footnotes":""},"categories":[1,6332,29228],"tags":[29440,29441,29439],"class_list":{"0":"post-71414","1":"post","2":"type-post","3":"status-publish","4":"format-standard","5":"has-post-thumbnail","7":"category-aktualitet","8":"category-te-fundit","9":"category-vendi","10":"tag-flet-alma-kaci-mos-shikoni-gojen-time","11":"tag-por-abuzimin-e-pushtetit","12":"tag-video-skandali-me-safetin"},"_links":{"self":[{"href":"https:\/\/jugulajm.net\/index.php?rest_route=\/wp\/v2\/posts\/71414","targetHints":{"allow":["GET"]}}],"collection":[{"href":"https:\/\/jugulajm.net\/index.php?rest_route=\/wp\/v2\/posts"}],"about":[{"href":"https:\/\/jugulajm.net\/index.php?rest_route=\/wp\/v2\/types\/post"}],"author":[{"embeddable":true,"href":"https:\/\/jugulajm.net\/index.php?rest_route=\/wp\/v2\/users\/5"}],"replies":[{"embeddable":true,"href":"https:\/\/jugulajm.net\/index.php?rest_route=%2Fwp%2Fv2%2Fcomments&post=71414"}],"version-history":[{"count":0,"href":"https:\/\/jugulajm.net\/index.php?rest_route=\/wp\/v2\/posts\/71414\/revisions"}],"wp:featuredmedia":[{"embeddable":true,"href":"https:\/\/jugulajm.net\/index.php?rest_route=\/wp\/v2\/media\/71415"}],"wp:attachment":[{"href":"https:\/\/jugulajm.net\/index.php?rest_route=%2Fwp%2Fv2%2Fmedia&parent=71414"}],"wp:term":[{"taxonomy":"category","embeddable":true,"href":"https:\/\/jugulajm.net\/index.php?rest_route=%2Fwp%2Fv2%2Fcategories&post=71414"},{"taxonomy":"post_tag","embeddable":true,"href":"https:\/\/jugulajm.net\/index.php?rest_route=%2Fwp%2Fv2%2Ftags&post=71414"}],"curies":[{"name":"wp","href":"https:\/\/api.w.org\/{rel}","templated":true}]}}