{"id":71395,"date":"2024-02-12T20:48:59","date_gmt":"2024-02-12T19:48:59","guid":{"rendered":"https:\/\/jugulajm.net\/?p=71395"},"modified":"2024-02-14T10:31:02","modified_gmt":"2024-02-14T09:31:02","slug":"video-kryebashkiaku-i-memaliajt-albert-malaj-ben-ate-qe-ne-32-vite-nuk-e-ka-bere-askush-mbjell-5-mije-fidane","status":"publish","type":"post","link":"https:\/\/jugulajm.net\/?p=71395","title":{"rendered":"VIDEO\/ Kryebashkiaku i Memaliajt, Albert Malaj, b\u00ebn at\u00eb q\u00eb n\u00eb 32 vite s&#8217;ka b\u00ebr\u00eb askush, mbjell 5 mij\u00eb fidan\u00eb"},"content":{"rendered":"<p>Ka filluar mbjellja e fidan\u00ebve t\u00eb rinj n\u00eb zon\u00ebn verilindore t\u00eb Bashkis\u00eb Memaliaj, aty ku dikur n\u00eb tranzicionin e mes\u00ebm shqiptar, njer\u00ebzit shnd\u00ebrronin kodrat n\u00eb gurore p\u00ebr shkak t\u00eb tahmas\u00eb s\u00eb nxjerrjes s\u00eb lekut. Kaliva\u00e7i \u00ebsht\u00eb shembulli m\u00eb i qart\u00eb sesi dora e njeriut k\u00ebt\u00eb fshat si zon\u00eb t\u00eb pasur e pjellore q\u00eb \u00ebsht\u00eb n\u00eb list\u00ebn e 100 fshatrave p\u00ebr zhvillim turistik, e shnd\u00ebrroi n\u00eb mjedis t\u00eb d\u00ebmtuar. Gurore an\u00eb e k\u00ebnd n\u00eb 30 vitet e fundit kan\u00eb qen\u00eb karakteristike e k\u00ebsaj treve t\u00eb tosk\u00ebris\u00eb.<\/p>\n<p>Dit\u00ebt e fundit kryebashkiaku i Memaliajt Albert Malaj, ka nd\u00ebrmarr\u00eb nj\u00eb iniciativ\u00eb personale dhe sfid\u00eb nj\u00ebkoh\u00ebsisht, q\u00eb jo vet\u00ebm Kaliva\u00e7in, por ato vende t\u00eb d\u00ebmtuara nd\u00ebr vite n\u00eb territorin e k\u00ebsaj bashkie q\u00eb \u00ebsht\u00eb e dyta p\u00ebr nga madh\u00ebsia n\u00eb Qark pas Gjirokastr\u00ebs, t\u2019i rikthej\u00eb n\u00eb pyje dhe mjedise t\u00eb gjelb\u00ebruara ku dora e njeriut i vendosi sharr\u00ebn duke rr\u00ebmbyer kazmat\u00eb e shnd\u00ebrruar pyjet n\u00eb gurore. Jan\u00eb 5 mij\u00eb fidan\u00eb q\u00eb do t\u00eb mbillen n\u00eb territorin e Bashkis\u00eb Memaliaj q\u00eb p\u00ebrb\u00ebjn\u00eb gati 20 ha dhe kjo p\u00ebr t\u00eb rikthyer pyjet e d\u00ebmtuara. Fadromat dhe mjetet e r\u00ebnda jan\u00eb v\u00ebn\u00eb n\u00eb dispozicion nga biznesmen\u00eb t\u00eb zon\u00ebs t\u00eb cil\u00ebt n\u00eb k\u00ebto vite ishin d\u00ebshmitar\u00eb p\u00ebr t\u00eb mos th\u00ebn\u00eb pjesmarr\u00ebs n\u00eb d\u00ebmtimin e ekosistemit natyror t\u00eb Kaliva\u00e7it e zon\u00ebs p\u00ebrreth, duke krijuar biznes nga guri i n\u00ebndhesh\u00ebm.<\/p>\n<p>Kryebashkiaku Malaj shprehet optimist p\u00ebr k\u00ebt\u00eb iniciativ\u00eb pasi do t\u2019i krijoj\u00eb zon\u00ebs frym\u00ebmarrje q\u00eb i ka munguar k\u00ebto 30 vite.<\/p>\n","protected":false},"excerpt":{"rendered":"<p>Ka filluar mbjellja e fidan\u00ebve t\u00eb rinj n\u00eb zon\u00ebn verilindore t\u00eb Bashkis\u00eb Memaliaj, aty ku dikur n\u00eb tranzicionin e mes\u00ebm shqiptar, njer\u00ebzit shnd\u00ebrronin kodrat n\u00eb gurore p\u00ebr shkak t\u00eb tahmas\u00eb s\u00eb nxjerrjes s\u00eb lekut. Kaliva\u00e7i \u00ebsht\u00eb shembulli m\u00eb i qart\u00eb sesi dora e njeriut k\u00ebt\u00eb fshat si zon\u00eb t\u00eb pasur e pjellore q\u00eb \u00ebsht\u00eb n\u00eb [&hellip;]<\/p>\n","protected":false},"author":5,"featured_media":71398,"comment_status":"closed","ping_status":"closed","sticky":false,"template":"","format":"video","meta":{"footnotes":""},"categories":[1,6332,26832],"tags":[22645,29432,21916],"class_list":{"0":"post-71395","1":"post","2":"type-post","3":"status-publish","4":"format-video","5":"has-post-thumbnail","7":"category-aktualitet","8":"category-te-fundit","9":"category-video","10":"tag-albert-malaj","11":"tag-kalivac","12":"tag-memaliaj","13":"post_format-post-format-video"},"_links":{"self":[{"href":"https:\/\/jugulajm.net\/index.php?rest_route=\/wp\/v2\/posts\/71395","targetHints":{"allow":["GET"]}}],"collection":[{"href":"https:\/\/jugulajm.net\/index.php?rest_route=\/wp\/v2\/posts"}],"about":[{"href":"https:\/\/jugulajm.net\/index.php?rest_route=\/wp\/v2\/types\/post"}],"author":[{"embeddable":true,"href":"https:\/\/jugulajm.net\/index.php?rest_route=\/wp\/v2\/users\/5"}],"replies":[{"embeddable":true,"href":"https:\/\/jugulajm.net\/index.php?rest_route=%2Fwp%2Fv2%2Fcomments&post=71395"}],"version-history":[{"count":0,"href":"https:\/\/jugulajm.net\/index.php?rest_route=\/wp\/v2\/posts\/71395\/revisions"}],"wp:featuredmedia":[{"embeddable":true,"href":"https:\/\/jugulajm.net\/index.php?rest_route=\/wp\/v2\/media\/71398"}],"wp:attachment":[{"href":"https:\/\/jugulajm.net\/index.php?rest_route=%2Fwp%2Fv2%2Fmedia&parent=71395"}],"wp:term":[{"taxonomy":"category","embeddable":true,"href":"https:\/\/jugulajm.net\/index.php?rest_route=%2Fwp%2Fv2%2Fcategories&post=71395"},{"taxonomy":"post_tag","embeddable":true,"href":"https:\/\/jugulajm.net\/index.php?rest_route=%2Fwp%2Fv2%2Ftags&post=71395"}],"curies":[{"name":"wp","href":"https:\/\/api.w.org\/{rel}","templated":true}]}}