{"id":71383,"date":"2024-02-12T16:46:48","date_gmt":"2024-02-12T15:46:48","guid":{"rendered":"https:\/\/jugulajm.net\/?p=71383"},"modified":"2024-02-12T16:47:51","modified_gmt":"2024-02-12T15:47:51","slug":"emri-foto-ja-kush-eshte-27-vjecarja-qe-u-vetevra-pasi-i-publikuan-foton-intime","status":"publish","type":"post","link":"https:\/\/jugulajm.net\/?p=71383","title":{"rendered":"EMRI-FOTO\/ Ja kush \u00ebsht\u00eb 27-vje\u00e7arja q\u00eb u vet\u00ebvra, pasi i publikuan foton intime"},"content":{"rendered":"<div class=\"jeg_navbar_mobile_wrapper\">\n<div class=\"jeg_navbar_mobile jeg_sticky_nav\" data-mode=\"fixed\">\n<div class=\"jeg_mobile_bottombar jeg_mobile_midbar jeg_container dark\">\n<div class=\"container\">\n<div class=\"jeg_nav_row\">\n<div class=\"jeg_nav_col jeg_nav_left jeg_nav_grow\">\n<div class=\"item_wrap jeg_nav_alignleft\">\n<div class=\"jeg_nav_item jeg_mobile_logo\">\n<div class=\"site-title\">Kjo \u00ebsht\u00eb 27-vje\u00e7arja Ambra Abedini, q\u00eb u flijua n\u00eb gjendje depresioni t\u00eb momentit, e shkaktuar nga shantazhet e dyshuara dhe publikimi i nj\u00eb fotoje intime nga 37-vje\u00e7ari personazh i TikTok, tashm\u00eb i arrestuar.<\/div>\n<\/div>\n<\/div>\n<\/div>\n<div class=\"jeg_nav_col jeg_nav_center jeg_nav_normal\">\n<div><\/div>\n<\/div>\n<\/div>\n<\/div>\n<\/div>\n<\/div>\n<\/div>\n<div class=\"post-wrapper\">\n<div class=\"post-wrap\">\n<div class=\"jeg_main \">\n<div class=\"jeg_container\">\n<div class=\"jeg_content jeg_singlepage\">\n<div class=\"container\">\n<div class=\"row\">\n<div class=\"jeg_main_content col-md-8\">\n<div class=\"jeg_inner_content\">\n<div class=\"entry-content no-share\">\n<div class=\"content-inner \">\n<p>N\u00eb profilin e saj n\u00eb FCB e ndjera ka publikuar disa fotografi t\u00eb vetes dhe familjare, e m\u00eb konkretisht me vajz\u00ebn.<\/p>\n<p>I arrestuari \u00ebsht\u00eb Altin \u00c7oku, q\u00eb e ka mohuar autor\u00ebsin\u00eb e publikimit t\u00eb fotos dhe shkaktimit t\u00eb vet\u00ebvrasjes.<\/p>\n<p><img loading=\"lazy\" loading=\"lazy\" decoding=\"async\" class=\"alignnone wp-image-251834\" src=\"https:\/\/zoom.al\/wp-content\/uploads\/2024\/02\/amb-169x300.jpg\" sizes=\"auto, (max-width: 366px) 100vw, 366px\" srcset=\"https:\/\/zoom.al\/wp-content\/uploads\/2024\/02\/amb-169x300.jpg 169w, https:\/\/zoom.al\/wp-content\/uploads\/2024\/02\/amb.jpg 540w\" alt=\"\" width=\"366\" height=\"650\" data-pin-no-hover=\"true\" \/><\/p>\n<p>Ngjarja e r\u00ebnd\u00eb ndodhi mbr\u00ebmjen von\u00eb t\u00eb s\u00eb shtun\u00ebs dhe ende mbetet n\u00ebn hetim nga Policia e Tiran\u00ebs dhe Prokuroria.<\/p>\n<p>E reja nga Kamza, ku ndodhi tragjedia, rezulton se ishte e martuar n\u00eb Kosov\u00eb.<\/p>\n<p>Ai ka pretenduar se ka qen\u00eb vajza q\u00eb ka realizuar foton dhe se ia ka d\u00ebrguar atij me mesazh.<\/p>\n<p>27 vje\u00e7arja jetonte me qira n\u00eb Kam\u00ebz, ashtu si autori i arrestuar. Ajo ishte e martuar me nj\u00eb shtetas nga Kosova me t\u00eb cilin kishte dhe nj\u00eb vajz\u00eb. Problemet n\u00eb \u00e7ift kishin b\u00ebr\u00eb q\u00eb martesa t\u00eb mos funksiononte dhe t\u00eb kishte nj\u00eb krisje.<\/p>\n<p>Teksa \u00e7ifti ishte drejt ribashkimit publikimi i fotos me \u00c7okun b\u00ebri q\u00eb 27-vje\u00e7arja t\u00eb p\u00ebsonte trauma dhe t\u00eb nd\u00ebrmerrte aktin ekstrem.<\/p>\n<p>Nd\u00ebrkoh\u00eb tezja e viktim\u00ebs ka pretenduar se 39-vje\u00e7ari e ka vrar\u00eb.<\/p>\n<\/div>\n<\/div>\n<\/div>\n<\/div>\n<\/div>\n<\/div>\n<\/div>\n<\/div>\n<\/div>\n<\/div>\n<\/div>\n","protected":false},"excerpt":{"rendered":"<p>Kjo \u00ebsht\u00eb 27-vje\u00e7arja Ambra Abedini, q\u00eb u flijua n\u00eb gjendje depresioni t\u00eb momentit, e shkaktuar nga shantazhet e dyshuara dhe publikimi i nj\u00eb fotoje intime nga 37-vje\u00e7ari personazh i TikTok, tashm\u00eb i arrestuar. N\u00eb profilin e saj n\u00eb FCB e ndjera ka publikuar disa fotografi t\u00eb vetes dhe familjare, e m\u00eb konkretisht me vajz\u00ebn. I [&hellip;]<\/p>\n","protected":false},"author":5,"featured_media":71384,"comment_status":"closed","ping_status":"closed","sticky":false,"template":"","format":"standard","meta":{"footnotes":""},"categories":[1,6332,29228],"tags":[29428,29429],"class_list":{"0":"post-71383","1":"post","2":"type-post","3":"status-publish","4":"format-standard","5":"has-post-thumbnail","7":"category-aktualitet","8":"category-te-fundit","9":"category-vendi","10":"tag-emri-foto-ja-kush-eshte-27-vjecarja-qe-u-vetevra","11":"tag-pasi-i-publikuan-foton-intime"},"_links":{"self":[{"href":"https:\/\/jugulajm.net\/index.php?rest_route=\/wp\/v2\/posts\/71383","targetHints":{"allow":["GET"]}}],"collection":[{"href":"https:\/\/jugulajm.net\/index.php?rest_route=\/wp\/v2\/posts"}],"about":[{"href":"https:\/\/jugulajm.net\/index.php?rest_route=\/wp\/v2\/types\/post"}],"author":[{"embeddable":true,"href":"https:\/\/jugulajm.net\/index.php?rest_route=\/wp\/v2\/users\/5"}],"replies":[{"embeddable":true,"href":"https:\/\/jugulajm.net\/index.php?rest_route=%2Fwp%2Fv2%2Fcomments&post=71383"}],"version-history":[{"count":0,"href":"https:\/\/jugulajm.net\/index.php?rest_route=\/wp\/v2\/posts\/71383\/revisions"}],"wp:featuredmedia":[{"embeddable":true,"href":"https:\/\/jugulajm.net\/index.php?rest_route=\/wp\/v2\/media\/71384"}],"wp:attachment":[{"href":"https:\/\/jugulajm.net\/index.php?rest_route=%2Fwp%2Fv2%2Fmedia&parent=71383"}],"wp:term":[{"taxonomy":"category","embeddable":true,"href":"https:\/\/jugulajm.net\/index.php?rest_route=%2Fwp%2Fv2%2Fcategories&post=71383"},{"taxonomy":"post_tag","embeddable":true,"href":"https:\/\/jugulajm.net\/index.php?rest_route=%2Fwp%2Fv2%2Ftags&post=71383"}],"curies":[{"name":"wp","href":"https:\/\/api.w.org\/{rel}","templated":true}]}}