{"id":71374,"date":"2024-02-12T11:46:01","date_gmt":"2024-02-12T10:46:01","guid":{"rendered":"https:\/\/jugulajm.net\/?p=71374"},"modified":"2024-02-12T11:47:15","modified_gmt":"2024-02-12T10:47:15","slug":"emrat-mjeku-gjirokastrit-3-ish-inspektore-dhe-1-mjek-tjeter-dergohen-nga-spak-per-gjykim-ja-akuzat","status":"publish","type":"post","link":"https:\/\/jugulajm.net\/?p=71374","title":{"rendered":"EMRAT\/ Mjeku gjirokastrit, 3 ish-inspektor\u00eb dhe 1 mjek tjet\u00ebr d\u00ebrgohen nga SPAK p\u00ebr gjykim, ja akuzat&#8230;"},"content":{"rendered":"<p>Gjykata e Posa\u00e7me ka pranuar k\u00ebrkes\u00ebn e SPAK duke kaluar p\u00ebr gjykim 3 ish- Inspektor\u00eb t\u00eb Ministris\u00eb s\u00eb Mjedisit dhe 2 mjek\u00eb.<\/p>\n<p>B\u00ebhet fjal\u00eb p\u00ebr inspektor\u00ebt, Ilir Nishani, v\u00ebllain e ish- Presidentit Bujar Nishani, Genci Hick\u00ebn dhe Gerson Taf\u00ebn q\u00eb akuzohen p\u00ebr korrupsion pasiv dhe dy mjek\u00ebt, Kostandin Balloma dhe Besim Bo\u00e7i.<\/p>\n<p>Dy mjek\u00ebt Balloma dhe Ba\u00e7i do gjykohen p\u00ebr korrupsion aktiv, nd\u00ebrsa tre ish zyrtaret p\u00ebr \u2018Korrupsion pasiv i personave q\u00eb ushtrojn\u00eb funksione publike.<\/p>\n<p><strong>Njoftimi i Gjykat\u00ebs<\/strong><\/p>\n<p>Prokuroria e Posa\u00e7me kund\u00ebr Korrupsionit dhe Krimit t\u00eb Organizuar m\u00eb dat\u00eb 29.12.2023 ka paraqitur pran\u00eb Gjykat\u00ebs k\u00ebrkes\u00ebn me objekt: D\u00ebrgimin n\u00eb gjyq t\u00eb \u00e7\u00ebshtjes penale q\u00eb i p\u00ebrket procedimit penal me Nr. 84, t\u00eb vitit 2020, n\u00eb ngarkim t\u00eb t\u00eb pandehurve Genci Hicka, Ilir Nishali dhe Gerson Tafa, t\u00eb cil\u00ebt akuzohen p\u00ebr vepr\u00ebn penale \u201cKorrupsion pasiv i personave q\u00eb ushtrojn\u00eb funksione publike\u201d e kryer n\u00eb bashk\u00ebpunim parashikuar nga neni 259 dhe 25 i Kodit Penal, si dhe n\u00eb ngarkim t\u00eb t\u00eb pandehurve Konstandin Balloma dhe Besim Bo\u04abi t\u00eb cil\u00ebt akuzohen p\u00ebr vepr\u00ebn penale \u201cKorrupsion aktiv i personave q\u00eb ushtrojn\u00eb funksione publike\u201d e kryer n\u00eb bashk\u00ebpunim parashikuar nga neni 244 paragrafi 1 dhe 25 i Kodit Penal.<\/p>\n<p>N\u00eb seanc\u00ebn e dat\u00ebs 12.02.2024, Gjykata e Posa\u00e7me e Shkall\u00ebs s\u00eb Par\u00eb p\u00ebr Korrupsionin dhe Krimin e Organizuar (seanca paraprake) me trup gjykues t\u00eb p\u00ebrb\u00ebr\u00eb nga gjyqtari Erjon Bani, pasi shqyrtoi pretendimet e pal\u00ebve, me vendimin Nr. 39 Regjistri Themeltar, dat\u00eb 12.02.2024 vendosi:<\/p>\n<p>Pranimin e k\u00ebrkes\u00ebs s\u00eb Prokuroris\u00eb s\u00eb Posa\u00e7me kund\u00ebr Korrupsionit dhe Krimit t\u00eb Organizuar.<\/p>\n<p>D\u00ebrgimin n\u00eb gjyq t\u00eb \u00e7\u00ebshtjes penale q\u00eb i p\u00ebrket procedimit penal me Nr. 84, t\u00eb vitit 2020, n\u00eb ngarkim t\u00eb t\u00eb pandehurve:<\/p>\n<p>Genci Hicka, i cili akuzohet p\u00ebr vepr\u00ebn penale \u201cKorrupsion pasiv i personave q\u00eb ushtrojn\u00eb funksione publike\u201d e kryer n\u00eb bashk\u00ebpunim parashikuar nga neni 259 dhe 25 i Kodit Penal;<\/p>\n<p>Ilir Nishani, i cili akuzohet p\u00ebr vepr\u00ebn penale \u201cKorrupsion pasiv i personave q\u00eb ushtrojn\u00eb funksione publike\u201d e kryer n\u00eb bashk\u00ebpunim parashikuar nga neni 259 dhe 25 i Kodit Penal;<\/p>\n<p>Gersion Tafa, i cili akuzohet p\u00ebr vepr\u00ebn penale \u201cKorrupsion pasiv i personave q\u00eb ushtrojn\u00eb funksione publike\u201d e kryer n\u00eb bashk\u00ebpunim parashikuar nga neni 259 dhe 25 i Kodit Penal;<\/p>\n<p>Konstandin Balloma, i cili akuzohet p\u00ebr vepr\u00ebn penale \u201cKorrupsion aktiv i personave q\u00eb ushtrojn\u00eb funksione publike\u201d e kryer n\u00eb bashk\u00ebpunim parashikuar nga neni 244 paragrafi 1 dhe 25 i Kodit Penal;<\/p>\n<p>Besim Bo\u04abi, i cili akuzohet p\u00ebr vepr\u00ebn penale \u201cKorrupsion aktiv i personave q\u00eb ushtrojn\u00eb funksione publike\u201d e kryer n\u00eb bashk\u00ebpunim parashikuar nga neni 244 paragrafi 1 dhe 25 i Kodit Penal;<\/p>\n<p>Kund\u00ebr k\u00ebtij vendimi nuk lejohet ankim.<\/p>\n<p>Tiran\u00eb, m\u00eb dat\u00eb 12.02.2024<\/p>\n<p>Gjykata e Posa\u00e7me e Shkall\u00ebs s\u00eb Par\u00eb p\u00ebr Korrupsionin dhe Krimin e Organizuar.<\/p>\n","protected":false},"excerpt":{"rendered":"<p>Gjykata e Posa\u00e7me ka pranuar k\u00ebrkes\u00ebn e SPAK duke kaluar p\u00ebr gjykim 3 ish- Inspektor\u00eb t\u00eb Ministris\u00eb s\u00eb Mjedisit dhe 2 mjek\u00eb. B\u00ebhet fjal\u00eb p\u00ebr inspektor\u00ebt, Ilir Nishani, v\u00ebllain e ish- Presidentit Bujar Nishani, Genci Hick\u00ebn dhe Gerson Taf\u00ebn q\u00eb akuzohen p\u00ebr korrupsion pasiv dhe dy mjek\u00ebt, Kostandin Balloma dhe Besim Bo\u00e7i. Dy mjek\u00ebt Balloma [&hellip;]<\/p>\n","protected":false},"author":5,"featured_media":47361,"comment_status":"closed","ping_status":"closed","sticky":false,"template":"","format":"standard","meta":{"footnotes":""},"categories":[1,6332,29228],"tags":[29423,29422,23762],"class_list":{"0":"post-71374","1":"post","2":"type-post","3":"status-publish","4":"format-standard","5":"has-post-thumbnail","7":"category-aktualitet","8":"category-te-fundit","9":"category-vendi","10":"tag-3-ish-inspektore-dhe-1-mjek-tjeter-dergohen-nga-spak-per-gjykim","11":"tag-emrat-mjeku-gjirokastrit","12":"tag-ja-akuzat"},"_links":{"self":[{"href":"https:\/\/jugulajm.net\/index.php?rest_route=\/wp\/v2\/posts\/71374","targetHints":{"allow":["GET"]}}],"collection":[{"href":"https:\/\/jugulajm.net\/index.php?rest_route=\/wp\/v2\/posts"}],"about":[{"href":"https:\/\/jugulajm.net\/index.php?rest_route=\/wp\/v2\/types\/post"}],"author":[{"embeddable":true,"href":"https:\/\/jugulajm.net\/index.php?rest_route=\/wp\/v2\/users\/5"}],"replies":[{"embeddable":true,"href":"https:\/\/jugulajm.net\/index.php?rest_route=%2Fwp%2Fv2%2Fcomments&post=71374"}],"version-history":[{"count":0,"href":"https:\/\/jugulajm.net\/index.php?rest_route=\/wp\/v2\/posts\/71374\/revisions"}],"wp:featuredmedia":[{"embeddable":true,"href":"https:\/\/jugulajm.net\/index.php?rest_route=\/wp\/v2\/media\/47361"}],"wp:attachment":[{"href":"https:\/\/jugulajm.net\/index.php?rest_route=%2Fwp%2Fv2%2Fmedia&parent=71374"}],"wp:term":[{"taxonomy":"category","embeddable":true,"href":"https:\/\/jugulajm.net\/index.php?rest_route=%2Fwp%2Fv2%2Fcategories&post=71374"},{"taxonomy":"post_tag","embeddable":true,"href":"https:\/\/jugulajm.net\/index.php?rest_route=%2Fwp%2Fv2%2Ftags&post=71374"}],"curies":[{"name":"wp","href":"https:\/\/api.w.org\/{rel}","templated":true}]}}