{"id":71368,"date":"2024-02-12T09:44:42","date_gmt":"2024-02-12T08:44:42","guid":{"rendered":"https:\/\/jugulajm.net\/?p=71368"},"modified":"2024-02-12T09:55:02","modified_gmt":"2024-02-12T08:55:02","slug":"emri-foto-vetevrasja-e-27-vjecares-ja-kush-eshte-39-vjecari-qe-i-publikoi-foton-intime","status":"publish","type":"post","link":"https:\/\/jugulajm.net\/?p=71368","title":{"rendered":"EMRI-FOTO\/ Vet\u00ebvrasja e 27-vje\u00e7ares, ja kush \u00ebsht\u00eb 39 vje\u00e7ari q\u00eb i publikoi foton intime"},"content":{"rendered":"<p>Detaje trondit\u00ebse kan\u00eb dal\u00eb n\u00eb drit\u00eb nga vdekja e Sibora Abedinit, 27-vje\u00e7ares e cila u hodh nga tarraca e pallatit ku jetonte n\u00eb Kam\u00ebz.<\/p>\n<p>E reja i dha fund jet\u00ebs p\u00ebr shkak t\u00eb publikimit t\u00eb nj\u00eb foto intime t\u00eb saj n\u00eb rrjetin social Tik Tok.<\/p>\n<div class=\"td-a-ad id_inline_ad0 id_ad_content-horiz-center\">\n<div class=\"mobile-hide\" align=\"center\">\n<p style=\"text-align: left;\">N\u00eb lidhje me rastin u arrestua shtetasi Altin \u00c7oku, nj\u00eb personazh i njohur n\u00eb Tik Tok i cili \u00ebsht\u00eb personi n\u00eb foton intime me t\u00eb ndjer\u00ebn.<\/p>\n<\/div>\n<\/div>\n<p>27 vje\u00e7arja jetonte me qira n\u00eb Kam\u00ebz, ashtu si autori i arrestuar. Ajo ishte e martuar me nj\u00eb shtetas nga Kosova me t\u00eb cilin kishte dhe nj\u00eb vajz\u00eb. Problemet n\u00eb \u00e7ift kishin b\u00ebr\u00eb q\u00eb martesa t\u00eb mos funksiononte dhe t\u00eb kishte nj\u00eb krisje.<\/p>\n<p>Teksa \u00e7ifti ishte drejt ribashkimit publikimi i fotos me \u00c7okun b\u00ebri q\u00eb 27-vje\u00e7arja t\u00eb p\u00ebsonte trauma dhe t\u00eb nd\u00ebrmerrte aktin ekstrem.<\/p>\n<p>Vet\u00eb personazhi i Tik Tok deklaronte n\u00eb nj\u00eb video t\u00eb b\u00ebr\u00eb disa dit\u00eb m\u00eb par\u00eb se foton nuk e kishte publikuar ai.<\/p>\n<p>Ai pretendon se n\u00eb momentin q\u00eb Sibora i d\u00ebrgoi foton, disa miqt\u00eb t\u00eb tij q\u00eb ishin n\u00eb tavolin\u00eb me t\u00eb i mor\u00ebn telefonin dhe kishin publikuar pa dijenin\u00eb e tij.<\/p>\n<p>\u201cN\u00eb vijim t\u00eb veprimeve hetimore t\u00eb kryera, specialist\u00ebt p\u00ebr Hetimin e Krimeve n\u00eb Komisariatin e Policis\u00eb Nr. 5 b\u00ebn\u00eb ndalimin me iniciativ\u00eb t\u00eb shtetasit: A. \u00c7., 39 vje\u00e7, p\u00ebr vepr\u00ebn penale \u201cShkaktimi i vet\u00ebvrasjes\u201d.<\/p>\n<p>Ky shtetas dyshohet se ka publikuar nj\u00eb foto intime t\u00eb 27-vje\u00e7ares, e cila dyshohet se p\u00ebr k\u00ebt\u00eb shkak \u00ebsht\u00eb vet\u00ebhedhur nga tarraca e katit t\u00eb 4-t dhe si pasoj\u00eb e d\u00ebmtimeve t\u00eb marra, ka humbur jet\u00ebn.<\/p>\n<p>Materialet procedurale i kaluan Prokuroris\u00eb, p\u00ebr veprime t\u00eb m\u00ebtejshme\u201d, deklaronte \u00c7oku.<\/p>\n","protected":false},"excerpt":{"rendered":"<p>Detaje trondit\u00ebse kan\u00eb dal\u00eb n\u00eb drit\u00eb nga vdekja e Sibora Abedinit, 27-vje\u00e7ares e cila u hodh nga tarraca e pallatit ku jetonte n\u00eb Kam\u00ebz. E reja i dha fund jet\u00ebs p\u00ebr shkak t\u00eb publikimit t\u00eb nj\u00eb foto intime t\u00eb saj n\u00eb rrjetin social Tik Tok. N\u00eb lidhje me rastin u arrestua shtetasi Altin \u00c7oku, nj\u00eb [&hellip;]<\/p>\n","protected":false},"author":5,"featured_media":71369,"comment_status":"closed","ping_status":"closed","sticky":false,"template":"","format":"standard","meta":{"footnotes":""},"categories":[1,6332,29228],"tags":[29420,29421],"class_list":{"0":"post-71368","1":"post","2":"type-post","3":"status-publish","4":"format-standard","5":"has-post-thumbnail","7":"category-aktualitet","8":"category-te-fundit","9":"category-vendi","10":"tag-emri-foto-vetevrasja-e-27-vjecares","11":"tag-ja-kush-eshte-39-vjecari-qe-i-publikoi-foton-intime"},"_links":{"self":[{"href":"https:\/\/jugulajm.net\/index.php?rest_route=\/wp\/v2\/posts\/71368","targetHints":{"allow":["GET"]}}],"collection":[{"href":"https:\/\/jugulajm.net\/index.php?rest_route=\/wp\/v2\/posts"}],"about":[{"href":"https:\/\/jugulajm.net\/index.php?rest_route=\/wp\/v2\/types\/post"}],"author":[{"embeddable":true,"href":"https:\/\/jugulajm.net\/index.php?rest_route=\/wp\/v2\/users\/5"}],"replies":[{"embeddable":true,"href":"https:\/\/jugulajm.net\/index.php?rest_route=%2Fwp%2Fv2%2Fcomments&post=71368"}],"version-history":[{"count":0,"href":"https:\/\/jugulajm.net\/index.php?rest_route=\/wp\/v2\/posts\/71368\/revisions"}],"wp:featuredmedia":[{"embeddable":true,"href":"https:\/\/jugulajm.net\/index.php?rest_route=\/wp\/v2\/media\/71369"}],"wp:attachment":[{"href":"https:\/\/jugulajm.net\/index.php?rest_route=%2Fwp%2Fv2%2Fmedia&parent=71368"}],"wp:term":[{"taxonomy":"category","embeddable":true,"href":"https:\/\/jugulajm.net\/index.php?rest_route=%2Fwp%2Fv2%2Fcategories&post=71368"},{"taxonomy":"post_tag","embeddable":true,"href":"https:\/\/jugulajm.net\/index.php?rest_route=%2Fwp%2Fv2%2Ftags&post=71368"}],"curies":[{"name":"wp","href":"https:\/\/api.w.org\/{rel}","templated":true}]}}