{"id":71303,"date":"2024-02-10T20:08:24","date_gmt":"2024-02-10T19:08:24","guid":{"rendered":"https:\/\/jugulajm.net\/?p=71303"},"modified":"2024-02-10T20:12:11","modified_gmt":"2024-02-10T19:12:11","slug":"lajm-i-fundit-video-zjarr-ne-gllave-kryebashkiaku-i-memaliajt-dhe-zjarrfikesit-ne-terren","status":"publish","type":"post","link":"https:\/\/jugulajm.net\/?p=71303","title":{"rendered":"LAJM I FUNDIT!! (VIDEO) Zjarr n\u00eb Gllav\u00eb, Kryebashkiaku i Memaliajt dhe zjarrfik\u00ebsit n\u00eb terren"},"content":{"rendered":"<p>Zjarr ne Gllav\u00eb t\u00eb Bashkis\u00eb Memaliaj.<\/p>\n<p>Kane qene dy vatra zjarri, ku fale edhe eres u perhapen edhe m\u00eb tej duke &#8220;sunduar&#8221; nje zone te zgjeruar terreni.<\/p>\n<p>Menjehere forcat e zjarrfikesve te Memaliajt, ne kohe rekord kane shkuar me shpejtesi per shuarjen e flakeve te zjarrit.<\/p>\n<p>Megjithese terreni ishte i thepisur, forcat zjarrfikese nderhyne ne menyre profesionale.<\/p>\n<p>Theksojme se forcave te zjarrfikesve ju bashkua edhe vete Kryetari i Bashkise Memaliaj, Albert Malaj, duke qene i pranishem ne problematiken e krijuar.<\/p>\n<div style=\"width: 1080px;\" class=\"wp-video\"><!--[if lt IE 9]><script>document.createElement('video');<\/script><![endif]-->\n<video class=\"wp-video-shortcode\" id=\"video-71303-1\" width=\"1080\" height=\"1910\" preload=\"metadata\" controls=\"controls\"><source type=\"video\/mp4\" src=\"https:\/\/jugulajm.net\/wp-content\/uploads\/2024\/02\/InShot_20240210_195144554.mp4?_=1\" \/><a href=\"https:\/\/jugulajm.net\/wp-content\/uploads\/2024\/02\/InShot_20240210_195144554.mp4\">https:\/\/jugulajm.net\/wp-content\/uploads\/2024\/02\/InShot_20240210_195144554.mp4<\/a><\/video><\/div>\n","protected":false},"excerpt":{"rendered":"<p>Zjarr ne Gllav\u00eb t\u00eb Bashkis\u00eb Memaliaj. Kane qene dy vatra zjarri, ku fale edhe eres u perhapen edhe m\u00eb tej duke &#8220;sunduar&#8221; nje zone te zgjeruar terreni. Menjehere forcat e zjarrfikesve te Memaliajt, ne kohe rekord kane shkuar me shpejtesi per shuarjen e flakeve te zjarrit. Megjithese terreni ishte i thepisur, forcat zjarrfikese nderhyne ne [&hellip;]<\/p>\n","protected":false},"author":5,"featured_media":71305,"comment_status":"closed","ping_status":"closed","sticky":false,"template":"","format":"standard","meta":{"footnotes":""},"categories":[1,6332,29228],"tags":[29393,29392],"class_list":{"0":"post-71303","1":"post","2":"type-post","3":"status-publish","4":"format-standard","5":"has-post-thumbnail","7":"category-aktualitet","8":"category-te-fundit","9":"category-vendi","10":"tag-kryebashkiaku-i-memaliajt-dhe-zjarrfikesit-ne-terren","11":"tag-lajm-i-fundit-video-zjarr-ne-gllave"},"_links":{"self":[{"href":"https:\/\/jugulajm.net\/index.php?rest_route=\/wp\/v2\/posts\/71303","targetHints":{"allow":["GET"]}}],"collection":[{"href":"https:\/\/jugulajm.net\/index.php?rest_route=\/wp\/v2\/posts"}],"about":[{"href":"https:\/\/jugulajm.net\/index.php?rest_route=\/wp\/v2\/types\/post"}],"author":[{"embeddable":true,"href":"https:\/\/jugulajm.net\/index.php?rest_route=\/wp\/v2\/users\/5"}],"replies":[{"embeddable":true,"href":"https:\/\/jugulajm.net\/index.php?rest_route=%2Fwp%2Fv2%2Fcomments&post=71303"}],"version-history":[{"count":0,"href":"https:\/\/jugulajm.net\/index.php?rest_route=\/wp\/v2\/posts\/71303\/revisions"}],"wp:featuredmedia":[{"embeddable":true,"href":"https:\/\/jugulajm.net\/index.php?rest_route=\/wp\/v2\/media\/71305"}],"wp:attachment":[{"href":"https:\/\/jugulajm.net\/index.php?rest_route=%2Fwp%2Fv2%2Fmedia&parent=71303"}],"wp:term":[{"taxonomy":"category","embeddable":true,"href":"https:\/\/jugulajm.net\/index.php?rest_route=%2Fwp%2Fv2%2Fcategories&post=71303"},{"taxonomy":"post_tag","embeddable":true,"href":"https:\/\/jugulajm.net\/index.php?rest_route=%2Fwp%2Fv2%2Ftags&post=71303"}],"curies":[{"name":"wp","href":"https:\/\/api.w.org\/{rel}","templated":true}]}}