{"id":71273,"date":"2024-02-10T09:18:17","date_gmt":"2024-02-10T08:18:17","guid":{"rendered":"https:\/\/jugulajm.net\/?p=71273"},"modified":"2024-02-10T09:19:24","modified_gmt":"2024-02-10T08:19:24","slug":"emrat-ngjarja-e-rende-ja-kush-jane-pronari-i-plagosur-dhe-ekonomisti-i-vrare","status":"publish","type":"post","link":"https:\/\/jugulajm.net\/?p=71273","title":{"rendered":"EMRAT\/ Ngjarja e r\u00ebnd\u00eb, ja kush jan\u00eb pronari i plagosur dhe ekonomisti i vrar\u00eb"},"content":{"rendered":"<p>Nj\u00eb ngjarje e r\u00ebnd\u00eb tronditi Kurbinin m\u00ebngjesin e sot\u00ebm, ku n\u00eb rrethana ende t\u00eb paqarta dhe motive mister, u vra ekonomisti i nj\u00eb firme inertesh dhe plagos pronari i pik\u00ebs.<\/p>\n<p>Policia ka zbardhur disa nga rrethanat, si dhe identiteti i pronarit t\u00eb firm\u00ebs ku ndodhi krimi i r\u00ebnd\u00eb, i cili mbeti i plagosur.<\/p>\n<p>B\u00ebhet fjal\u00eb p\u00ebr Arian Gjeloshin. Ky i fundit ndodhet n\u00eb spital, nd\u00ebrsa nuk dihet gjendja e tij. Sakaq, nga ky atentat mbeti i vrar\u00eb Selman Mihana, 70 vje\u00e7.<\/p>\n<p>\u201cRreth or\u00ebs 07:00, \u00ebsht\u00eb marr\u00eb njoftim se n\u00eb fshatin Gurez, Kurbin, n\u00eb ambientet e nj\u00eb firme ku p\u00ebrpunohen inerte, n\u00eb rrethana ende t\u00eb paqarta \u00ebsht\u00eb vrar\u00eb me arm\u00eb zjarri shtetasi Selman Mihana, rreth 70 vjec, ekonomist i firm\u00ebs, si dhe \u00ebsht\u00eb plagosur pronari shtetasi A. GJ, rreth 51 vjec, i cili \u00ebsht\u00eb transportuar n\u00eb spital p\u00ebr ndihm\u00eb mjek\u00ebsore.<\/p>\n<p>Sh\u00ebrbimet e Policis\u00eb Vendore kan\u00eb shkuar n\u00eb vendngjarje, \u00ebsht\u00eb rrethuar zona dhe vijon kontrolli i territorit\u201d, thuhet n\u00eb njoftimin zyrtar.<\/p>\n<p>Nd\u00ebrkoh\u00eb \u00ebsht\u00eb ngritur nj\u00eb grup i posa\u00e7\u00ebm hetimor n\u00ebn drejtimin e Prokuroris\u00eb p\u00ebr zbardhjen e rrethanave t\u00eb ngjarjes, identifikimin dhe kapjen e autorit apo autor\u00ebve.<\/p>\n<p>Me interes pritet d\u00ebshmia e Gjeloshit. N\u00eb ndihm\u00eb t\u00eb Policis\u00eb vendore kan\u00eb shkuar forcat Komb\u00ebtare t\u00eb Siguris\u00eb dhe Forcat Speciale Renea.<\/p>\n","protected":false},"excerpt":{"rendered":"<p>Nj\u00eb ngjarje e r\u00ebnd\u00eb tronditi Kurbinin m\u00ebngjesin e sot\u00ebm, ku n\u00eb rrethana ende t\u00eb paqarta dhe motive mister, u vra ekonomisti i nj\u00eb firme inertesh dhe plagos pronari i pik\u00ebs. Policia ka zbardhur disa nga rrethanat, si dhe identiteti i pronarit t\u00eb firm\u00ebs ku ndodhi krimi i r\u00ebnd\u00eb, i cili mbeti i plagosur. B\u00ebhet fjal\u00eb [&hellip;]<\/p>\n","protected":false},"author":5,"featured_media":63723,"comment_status":"closed","ping_status":"closed","sticky":false,"template":"","format":"standard","meta":{"footnotes":""},"categories":[1,6332,29228],"tags":[29376,29377],"class_list":{"0":"post-71273","1":"post","2":"type-post","3":"status-publish","4":"format-standard","5":"has-post-thumbnail","7":"category-aktualitet","8":"category-te-fundit","9":"category-vendi","10":"tag-emrat-ngjarja-e-rende","11":"tag-ja-kush-jane-pronari-i-plagosur-dhe-ekonomisti-i-vrare"},"_links":{"self":[{"href":"https:\/\/jugulajm.net\/index.php?rest_route=\/wp\/v2\/posts\/71273","targetHints":{"allow":["GET"]}}],"collection":[{"href":"https:\/\/jugulajm.net\/index.php?rest_route=\/wp\/v2\/posts"}],"about":[{"href":"https:\/\/jugulajm.net\/index.php?rest_route=\/wp\/v2\/types\/post"}],"author":[{"embeddable":true,"href":"https:\/\/jugulajm.net\/index.php?rest_route=\/wp\/v2\/users\/5"}],"replies":[{"embeddable":true,"href":"https:\/\/jugulajm.net\/index.php?rest_route=%2Fwp%2Fv2%2Fcomments&post=71273"}],"version-history":[{"count":0,"href":"https:\/\/jugulajm.net\/index.php?rest_route=\/wp\/v2\/posts\/71273\/revisions"}],"wp:featuredmedia":[{"embeddable":true,"href":"https:\/\/jugulajm.net\/index.php?rest_route=\/wp\/v2\/media\/63723"}],"wp:attachment":[{"href":"https:\/\/jugulajm.net\/index.php?rest_route=%2Fwp%2Fv2%2Fmedia&parent=71273"}],"wp:term":[{"taxonomy":"category","embeddable":true,"href":"https:\/\/jugulajm.net\/index.php?rest_route=%2Fwp%2Fv2%2Fcategories&post=71273"},{"taxonomy":"post_tag","embeddable":true,"href":"https:\/\/jugulajm.net\/index.php?rest_route=%2Fwp%2Fv2%2Ftags&post=71273"}],"curies":[{"name":"wp","href":"https:\/\/api.w.org\/{rel}","templated":true}]}}