{"id":71271,"date":"2024-02-10T08:32:42","date_gmt":"2024-02-10T07:32:42","guid":{"rendered":"https:\/\/jugulajm.net\/?p=71271"},"modified":"2024-02-10T08:33:46","modified_gmt":"2024-02-10T07:33:46","slug":"lajm-i-fundit-vritet-me-arme-zjarri-ekonomisti-i-nje-firme-plagoset-pronari","status":"publish","type":"post","link":"https:\/\/jugulajm.net\/?p=71271","title":{"rendered":"LAJM I FUNDIT\/ Vritet me arm\u00eb zjarri ekonomisti i nj\u00eb firme, plagoset pronari"},"content":{"rendered":"<p>Nj\u00eb ngjarje e r\u00ebnd\u00eb \u00ebsht\u00eb regjistruar m\u00ebngjesin e sot\u00ebm n\u00eb nj\u00eb firm\u00eb ku p\u00ebrpunohen inerte, ku n\u00eb rrethana ende t\u00eb paqarta \u00ebsht\u00eb gjetur i pajet\u00eb ekonomisti i firm\u00ebs, dhe i plagosur pronari i biznesit.<\/p>\n<p>Sipas policis\u00eb, \u00ebsht\u00eb vrar\u00eb me arm\u00eb zjarri shtetasi me inicialet S. M, rreth 70 vje\u00e7, si dhe \u00ebsht\u00eb plagosur pronari, shtetasi me inicialet A. GJ, rreth 51 vje\u00e7, i cili \u00ebsht\u00eb transportuar n\u00eb spital p\u00ebr ndihm\u00eb mjek\u00ebsore.<\/p>\n<p>N\u00eb ndihm\u00eb t\u00eb Policis\u00eb vendore kan\u00eb shkuar forcat Komb\u00ebtare t\u00eb Siguris\u00eb dhe Forcat Speciale Renea.<\/p>\n","protected":false},"excerpt":{"rendered":"<p>Nj\u00eb ngjarje e r\u00ebnd\u00eb \u00ebsht\u00eb regjistruar m\u00ebngjesin e sot\u00ebm n\u00eb nj\u00eb firm\u00eb ku p\u00ebrpunohen inerte, ku n\u00eb rrethana ende t\u00eb paqarta \u00ebsht\u00eb gjetur i pajet\u00eb ekonomisti i firm\u00ebs, dhe i plagosur pronari i biznesit. Sipas policis\u00eb, \u00ebsht\u00eb vrar\u00eb me arm\u00eb zjarri shtetasi me inicialet S. M, rreth 70 vje\u00e7, si dhe \u00ebsht\u00eb plagosur pronari, shtetasi [&hellip;]<\/p>\n","protected":false},"author":5,"featured_media":64316,"comment_status":"closed","ping_status":"closed","sticky":false,"template":"","format":"standard","meta":{"footnotes":""},"categories":[1,6332,29228],"tags":[29374,29375],"class_list":{"0":"post-71271","1":"post","2":"type-post","3":"status-publish","4":"format-standard","5":"has-post-thumbnail","7":"category-aktualitet","8":"category-te-fundit","9":"category-vendi","10":"tag-lajm-i-fundit-vritet-me-arme-zjarri-ekonomisti-i-nje-firme","11":"tag-plagoset-pronari"},"_links":{"self":[{"href":"https:\/\/jugulajm.net\/index.php?rest_route=\/wp\/v2\/posts\/71271","targetHints":{"allow":["GET"]}}],"collection":[{"href":"https:\/\/jugulajm.net\/index.php?rest_route=\/wp\/v2\/posts"}],"about":[{"href":"https:\/\/jugulajm.net\/index.php?rest_route=\/wp\/v2\/types\/post"}],"author":[{"embeddable":true,"href":"https:\/\/jugulajm.net\/index.php?rest_route=\/wp\/v2\/users\/5"}],"replies":[{"embeddable":true,"href":"https:\/\/jugulajm.net\/index.php?rest_route=%2Fwp%2Fv2%2Fcomments&post=71271"}],"version-history":[{"count":0,"href":"https:\/\/jugulajm.net\/index.php?rest_route=\/wp\/v2\/posts\/71271\/revisions"}],"wp:featuredmedia":[{"embeddable":true,"href":"https:\/\/jugulajm.net\/index.php?rest_route=\/wp\/v2\/media\/64316"}],"wp:attachment":[{"href":"https:\/\/jugulajm.net\/index.php?rest_route=%2Fwp%2Fv2%2Fmedia&parent=71271"}],"wp:term":[{"taxonomy":"category","embeddable":true,"href":"https:\/\/jugulajm.net\/index.php?rest_route=%2Fwp%2Fv2%2Fcategories&post=71271"},{"taxonomy":"post_tag","embeddable":true,"href":"https:\/\/jugulajm.net\/index.php?rest_route=%2Fwp%2Fv2%2Ftags&post=71271"}],"curies":[{"name":"wp","href":"https:\/\/api.w.org\/{rel}","templated":true}]}}