{"id":71239,"date":"2024-02-09T09:50:44","date_gmt":"2024-02-09T08:50:44","guid":{"rendered":"https:\/\/jugulajm.net\/?p=71239"},"modified":"2024-02-09T10:05:35","modified_gmt":"2024-02-09T09:05:35","slug":"emri-foto-sarande-ja-kush-eshte-15-vjecari-qe-humbi-jeten-ne-aksidentin-e-mbremshem","status":"publish","type":"post","link":"https:\/\/jugulajm.net\/?p=71239","title":{"rendered":"EMRI-FOTO\/ Sarand\u00eb, ja kush \u00ebsht\u00eb 15-vje\u00e7ari q\u00eb humbi jet\u00ebn n\u00eb aksidentin e mbr\u00ebmsh\u00ebm"},"content":{"rendered":"<p>Pak m\u00eb shum\u00eb se nj\u00eb or\u00eb pas nj\u00eb aksidenti n\u00eb Sarand\u00eb, ka nd\u00ebrruar jet\u00eb 15-vje\u00e7ari q\u00eb mbeti i plagosur r\u00ebnd\u00eb.<\/p>\n<div class=\"wp-block-columns is-layout-flex wp-container-core-columns-layout-1 wp-block-columns-is-layout-flex\">\n<div class=\"wp-block-column is-layout-flow wp-block-column-is-layout-flow\">I ndjeri Enkelejd \u00c7aushi, mbeti i plagosur rreth or\u00ebs 21:40, n\u00eb aksin rrugor Sarand\u00eb-Ksamil.<\/div>\n<\/div>\n<div><\/div>\n<div class=\"wp-block-columns is-layout-flex wp-container-core-columns-layout-1 wp-block-columns-is-layout-flex\">\n<div>Sipas policis\u00eb, nj\u00eb \u201cBenz\u201d me drejtues shtetasin Elidon Aliu 20 vje\u00e7, \u00ebsht\u00eb p\u00ebrplasur me nj\u00eb automjet tip \u201cLancia\u201d, i cili si pasoj\u00eb e nj\u00eb defekti, po shtyhej nga drejtuesi David \u00c7epe 24 vje\u00e7 dhe 3 shtetas t\u00eb tjer\u00eb.<\/div>\n<\/div>\n","protected":false},"excerpt":{"rendered":"<p>Pak m\u00eb shum\u00eb se nj\u00eb or\u00eb pas nj\u00eb aksidenti n\u00eb Sarand\u00eb, ka nd\u00ebrruar jet\u00eb 15-vje\u00e7ari q\u00eb mbeti i plagosur r\u00ebnd\u00eb. I ndjeri Enkelejd \u00c7aushi, mbeti i plagosur rreth or\u00ebs 21:40, n\u00eb aksin rrugor Sarand\u00eb-Ksamil. Sipas policis\u00eb, nj\u00eb \u201cBenz\u201d me drejtues shtetasin Elidon Aliu 20 vje\u00e7, \u00ebsht\u00eb p\u00ebrplasur me nj\u00eb automjet tip \u201cLancia\u201d, i cili si [&hellip;]<\/p>\n","protected":false},"author":5,"featured_media":71244,"comment_status":"closed","ping_status":"closed","sticky":false,"template":"","format":"standard","meta":{"footnotes":""},"categories":[1,6332,29228],"tags":[27144,29362],"class_list":{"0":"post-71239","1":"post","2":"type-post","3":"status-publish","4":"format-standard","5":"has-post-thumbnail","7":"category-aktualitet","8":"category-te-fundit","9":"category-vendi","10":"tag-emri-foto-sarande","11":"tag-ja-kush-eshte-15-vjecari-qe-humbi-jeten-ne-aksidentin-e-mbremshem"},"_links":{"self":[{"href":"https:\/\/jugulajm.net\/index.php?rest_route=\/wp\/v2\/posts\/71239","targetHints":{"allow":["GET"]}}],"collection":[{"href":"https:\/\/jugulajm.net\/index.php?rest_route=\/wp\/v2\/posts"}],"about":[{"href":"https:\/\/jugulajm.net\/index.php?rest_route=\/wp\/v2\/types\/post"}],"author":[{"embeddable":true,"href":"https:\/\/jugulajm.net\/index.php?rest_route=\/wp\/v2\/users\/5"}],"replies":[{"embeddable":true,"href":"https:\/\/jugulajm.net\/index.php?rest_route=%2Fwp%2Fv2%2Fcomments&post=71239"}],"version-history":[{"count":0,"href":"https:\/\/jugulajm.net\/index.php?rest_route=\/wp\/v2\/posts\/71239\/revisions"}],"wp:featuredmedia":[{"embeddable":true,"href":"https:\/\/jugulajm.net\/index.php?rest_route=\/wp\/v2\/media\/71244"}],"wp:attachment":[{"href":"https:\/\/jugulajm.net\/index.php?rest_route=%2Fwp%2Fv2%2Fmedia&parent=71239"}],"wp:term":[{"taxonomy":"category","embeddable":true,"href":"https:\/\/jugulajm.net\/index.php?rest_route=%2Fwp%2Fv2%2Fcategories&post=71239"},{"taxonomy":"post_tag","embeddable":true,"href":"https:\/\/jugulajm.net\/index.php?rest_route=%2Fwp%2Fv2%2Ftags&post=71239"}],"curies":[{"name":"wp","href":"https:\/\/api.w.org\/{rel}","templated":true}]}}