{"id":71221,"date":"2024-02-08T17:59:28","date_gmt":"2024-02-08T16:59:28","guid":{"rendered":"https:\/\/jugulajm.net\/?p=71221"},"modified":"2024-02-08T17:59:28","modified_gmt":"2024-02-08T16:59:28","slug":"emri-foto-arrestohet-ne-dubai-anetari-i-bandes-se-durresit-ishte-ne-kerkim-per","status":"publish","type":"post","link":"https:\/\/jugulajm.net\/?p=71221","title":{"rendered":"EMRI-FOTO\/ Arrestohet n\u00eb Dubai an\u00ebtari i band\u00ebs s\u00eb Durr\u00ebsit, ishte n\u00eb k\u00ebrkim p\u00ebr&#8230;"},"content":{"rendered":"<p>\u00cbsht\u00eb arrestuar n\u00eb Dubai, an\u00ebtari i band\u00ebs s\u00eb Durr\u00ebsit, Julian Me\u00e7aj.<\/p>\n<p>Me\u00e7aj ishte shpallur n\u00eb k\u00ebrkim p\u00ebr atentatin ndaj ish-prokurorit Arjan Ndoji.<\/p>\n<p>Dyshohet se Me\u00e7aj mund t\u00eb jet\u00eb nj\u00eb nga porosit\u00ebsit e atentatit.<\/p>\n<p>Kujtojm\u00eb k\u00ebtu se atentati ndodhi n\u00eb 1 n\u00ebntor 2019 n\u00eb autostrad\u00ebn Tiran\u00eb-Durr\u00ebs, ku mbeti i vdekur Andi Maloku, shoferi i prokurorit Ndoji.<\/p>\n<p>Gjithashtu n\u00eb atentat u plagos\u00ebn prokurori Arjan Ndoji dhe Aleksand\u00ebr Laho, Alias P\u00ebllumb Muharremi.<\/p>\n","protected":false},"excerpt":{"rendered":"<p>\u00cbsht\u00eb arrestuar n\u00eb Dubai, an\u00ebtari i band\u00ebs s\u00eb Durr\u00ebsit, Julian Me\u00e7aj. Me\u00e7aj ishte shpallur n\u00eb k\u00ebrkim p\u00ebr atentatin ndaj ish-prokurorit Arjan Ndoji. Dyshohet se Me\u00e7aj mund t\u00eb jet\u00eb nj\u00eb nga porosit\u00ebsit e atentatit. Kujtojm\u00eb k\u00ebtu se atentati ndodhi n\u00eb 1 n\u00ebntor 2019 n\u00eb autostrad\u00ebn Tiran\u00eb-Durr\u00ebs, ku mbeti i vdekur Andi Maloku, shoferi i prokurorit Ndoji. [&hellip;]<\/p>\n","protected":false},"author":5,"featured_media":71222,"comment_status":"closed","ping_status":"closed","sticky":false,"template":"","format":"standard","meta":{"footnotes":""},"categories":[1,7664,6332],"tags":[29351,25231],"class_list":{"0":"post-71221","1":"post","2":"type-post","3":"status-publish","4":"format-standard","5":"has-post-thumbnail","7":"category-aktualitet","8":"category-bota","9":"category-te-fundit","10":"tag-emri-foto-arrestohet-ne-dubai-anetari-i-bandes-se-durresit","11":"tag-ishte-ne-kerkim-per"},"_links":{"self":[{"href":"https:\/\/jugulajm.net\/index.php?rest_route=\/wp\/v2\/posts\/71221","targetHints":{"allow":["GET"]}}],"collection":[{"href":"https:\/\/jugulajm.net\/index.php?rest_route=\/wp\/v2\/posts"}],"about":[{"href":"https:\/\/jugulajm.net\/index.php?rest_route=\/wp\/v2\/types\/post"}],"author":[{"embeddable":true,"href":"https:\/\/jugulajm.net\/index.php?rest_route=\/wp\/v2\/users\/5"}],"replies":[{"embeddable":true,"href":"https:\/\/jugulajm.net\/index.php?rest_route=%2Fwp%2Fv2%2Fcomments&post=71221"}],"version-history":[{"count":0,"href":"https:\/\/jugulajm.net\/index.php?rest_route=\/wp\/v2\/posts\/71221\/revisions"}],"wp:featuredmedia":[{"embeddable":true,"href":"https:\/\/jugulajm.net\/index.php?rest_route=\/wp\/v2\/media\/71222"}],"wp:attachment":[{"href":"https:\/\/jugulajm.net\/index.php?rest_route=%2Fwp%2Fv2%2Fmedia&parent=71221"}],"wp:term":[{"taxonomy":"category","embeddable":true,"href":"https:\/\/jugulajm.net\/index.php?rest_route=%2Fwp%2Fv2%2Fcategories&post=71221"},{"taxonomy":"post_tag","embeddable":true,"href":"https:\/\/jugulajm.net\/index.php?rest_route=%2Fwp%2Fv2%2Ftags&post=71221"}],"curies":[{"name":"wp","href":"https:\/\/api.w.org\/{rel}","templated":true}]}}