{"id":71216,"date":"2024-02-08T17:06:14","date_gmt":"2024-02-08T16:06:14","guid":{"rendered":"https:\/\/jugulajm.net\/?p=71216"},"modified":"2024-02-08T17:08:52","modified_gmt":"2024-02-08T16:08:52","slug":"vrau-ne-market-te-riun-apeli-denon-me-6-8-vjet-burg-ish-policin","status":"publish","type":"post","link":"https:\/\/jugulajm.net\/?p=71216","title":{"rendered":"Vrau n\u00eb market t\u00eb riun, Apeli d\u00ebnon me 6.8 vjet burg ish-policin"},"content":{"rendered":"<p>Gjykata e Apelit ka d\u00ebnuar me 6.8 vjet burg ish-efektivin e policis\u00eb, Arb\u00ebr Sul\u00ebn, i cili akuzohet p\u00ebr vrasjen e nj\u00eb t\u00eb riu p\u00ebr radh\u00ebn n\u00eb supermarket.<\/p>\n<p>Sula vrau 29-vje\u00e7arin Jurgen Duka, pas nj\u00eb konflikti banal n\u00eb market. Sherri nisi p\u00ebr radh\u00ebn e pages\u00ebs n\u00eb nj\u00eb market n\u00eb rrug\u00ebn \u2018Irfan Tomini\u2019.<\/p>\n<p>Ai u godit nga Sula, q\u00eb q\u00ebndroi n\u00eb arrati p\u00ebr gati 3 muaj dhe nd\u00ebrroi jet\u00eb n\u00eb spitalin e Traum\u00ebs. Viktima ishte i p\u00ebrfshir\u00eb n\u00eb trafikun e drog\u00ebs m\u00eb her\u00ebt, nd\u00ebrsa ishte arrestuar n\u00eb janar t\u00eb vitit 2020 n\u00eb operacionin Riviera ku priste edhe ekstradimin.<\/p>\n<p><strong>NJOFTIMI I GJYKAT\u00cbS:<\/strong><\/p>\n<p><em>Referuar raportimeve t\u00eb m\u00ebparshme n\u00eb media, Gjykata e Apelit t\u00eb Juridiksionit t\u00eb P\u00ebrgjithsh\u00ebm, informon sa m\u00eb posht\u00eb:<\/em><\/p>\n<p><em>N\u00eb Gjykat\u00ebn e Shkall\u00ebs s\u00eb Par\u00eb t\u00eb Juridiksionit t\u00eb P\u00ebrgjithsh\u00ebm Tiran\u00eb, \u00ebsht\u00eb zhvilluar gjykimi lidhur me \u00e7\u00ebshtjen penale q\u00eb i p\u00ebrket t\u00eb pandehurit me iniciale A.S, i akuzuar p\u00ebr kryerjen e vepr\u00ebs penale \u201cVrasje me dashje\u2019\u2019, t\u00eb parashikuar nga neni 76\u00a0 i K.Penal.<\/em><\/p>\n<p><em>Fakti objekt akuze lidhet me ngjarjen e ndodhur m\u00eb dat\u00eb 14.12.2021, rreth or\u00ebs 00:20, n\u00eb lokalin \u201cMarket Juli\u201d, n\u00eb rrug\u00ebn \u201cIrfan Tomini\u201d, Tiran\u00eb, si pasoj\u00eb e nj\u00eb konflikti t\u00eb \u00e7astit, i pandehuri A.S ka vrar\u00eb me arm\u00eb zjarri shtetasin J.D (M).<\/em><\/p>\n<p><em>Gjykata e Shkall\u00ebs s\u00eb Par\u00eb e Juridiksionit t\u00eb P\u00ebrgjithsh\u00ebm Tirane, me vendimin nr. 2019, dat\u00eb 15.09.2023 ka vendosur:<\/em><\/p>\n<p><em>Deklarimin fajtor t\u00eb t\u00eb pandehurit A. S p\u00ebr vepr\u00ebn penale \u201cVrasje me dashje\u201d, parashikuar nga neni 76 i Kodit Penal dhe n\u00eb baz\u00eb t\u00eb k\u00ebsaj dispozite d\u00ebnimin e tij 10 (dhjet\u00eb) vite burgim.<\/em><br \/>\n<em>N\u00eb zbatim t\u00eb nenit 406\/1 t\u00eb K.Pr.Penale, i zbritet 1\/3 e d\u00ebnimit, duke e d\u00ebnuar p\u00ebrfundimisht t\u00eb pandehurin A. S me 6 (gjasht\u00eb) vite e 8 (tet\u00eb) muaj burgim.<\/em><br \/>\n<em>Vuajtja e d\u00ebnimit t\u00eb kryhet n\u00eb nj\u00eb burg t\u00eb sigurise s\u00eb zakonshme.<\/em><\/p>\n<p><em>\u00c7\u00ebshtja n\u00eb apel u shqyrtua mbi baz\u00ebn e ankimeve t\u00eb b\u00ebra:<\/em><\/p>\n<p><em>-Nga Prokuroria\u00a0 pran\u00eb Gjykat\u00ebs s\u00eb Shkall\u00ebs s\u00eb par\u00eb t\u00eb Juridiksionit t\u00eb P\u00ebrgjithsh\u00ebm Tiran\u00eb, e cila k\u00ebrkoi ndryshimin e vendimit t\u00eb Gjykat\u00ebs s\u00eb Shkall\u00ebs s\u00eb Par\u00eb t\u00eb Juridiksionit t\u00eb P\u00ebrgjithsh\u00ebm Tiran\u00eb.<\/em><\/p>\n<p><em>-Deklarimin fajtor t\u00eb t\u00eb pandehurit A.S, p\u00ebr vepr\u00ebn penale \u201cVrasje me dashje\u201d, parashikuar nga neni 76 i K.Penal dhe n\u00eb baz\u00eb t\u00eb k\u00ebsaj dispozite, d\u00ebnimin e tij me 16 (gjasht\u00ebmb\u00ebdhjet\u00eb) vjet burgim.<\/em><\/p>\n<p><em>-N\u00eb aplikim t\u00eb nenit 406 t\u00eb K.Pr.Penale, uljen e 1\/\/3 t\u00eb d\u00ebnimit me burgim.<\/em><\/p>\n","protected":false},"excerpt":{"rendered":"<p>Gjykata e Apelit ka d\u00ebnuar me 6.8 vjet burg ish-efektivin e policis\u00eb, Arb\u00ebr Sul\u00ebn, i cili akuzohet p\u00ebr vrasjen e nj\u00eb t\u00eb riu p\u00ebr radh\u00ebn n\u00eb supermarket. Sula vrau 29-vje\u00e7arin Jurgen Duka, pas nj\u00eb konflikti banal n\u00eb market. Sherri nisi p\u00ebr radh\u00ebn e pages\u00ebs n\u00eb nj\u00eb market n\u00eb rrug\u00ebn \u2018Irfan Tomini\u2019. Ai u godit nga [&hellip;]<\/p>\n","protected":false},"author":5,"featured_media":71217,"comment_status":"closed","ping_status":"closed","sticky":false,"template":"","format":"standard","meta":{"footnotes":""},"categories":[1,6332,29228],"tags":[29350,29349],"class_list":{"0":"post-71216","1":"post","2":"type-post","3":"status-publish","4":"format-standard","5":"has-post-thumbnail","7":"category-aktualitet","8":"category-te-fundit","9":"category-vendi","10":"tag-apeli-denon-me-6-8-vjet-burg-ish-policin","11":"tag-vrau-ne-market-te-riun"},"_links":{"self":[{"href":"https:\/\/jugulajm.net\/index.php?rest_route=\/wp\/v2\/posts\/71216","targetHints":{"allow":["GET"]}}],"collection":[{"href":"https:\/\/jugulajm.net\/index.php?rest_route=\/wp\/v2\/posts"}],"about":[{"href":"https:\/\/jugulajm.net\/index.php?rest_route=\/wp\/v2\/types\/post"}],"author":[{"embeddable":true,"href":"https:\/\/jugulajm.net\/index.php?rest_route=\/wp\/v2\/users\/5"}],"replies":[{"embeddable":true,"href":"https:\/\/jugulajm.net\/index.php?rest_route=%2Fwp%2Fv2%2Fcomments&post=71216"}],"version-history":[{"count":0,"href":"https:\/\/jugulajm.net\/index.php?rest_route=\/wp\/v2\/posts\/71216\/revisions"}],"wp:featuredmedia":[{"embeddable":true,"href":"https:\/\/jugulajm.net\/index.php?rest_route=\/wp\/v2\/media\/71217"}],"wp:attachment":[{"href":"https:\/\/jugulajm.net\/index.php?rest_route=%2Fwp%2Fv2%2Fmedia&parent=71216"}],"wp:term":[{"taxonomy":"category","embeddable":true,"href":"https:\/\/jugulajm.net\/index.php?rest_route=%2Fwp%2Fv2%2Fcategories&post=71216"},{"taxonomy":"post_tag","embeddable":true,"href":"https:\/\/jugulajm.net\/index.php?rest_route=%2Fwp%2Fv2%2Ftags&post=71216"}],"curies":[{"name":"wp","href":"https:\/\/api.w.org\/{rel}","templated":true}]}}