{"id":71131,"date":"2024-02-06T19:14:43","date_gmt":"2024-02-06T18:14:43","guid":{"rendered":"https:\/\/jugulajm.net\/?p=71131"},"modified":"2024-02-06T19:15:33","modified_gmt":"2024-02-06T18:15:33","slug":"emri-foto-itali-humb-jeten-ne-aksident-22-vjecari-shqiptar-makina-u-perplas-me-autobusin","status":"publish","type":"post","link":"https:\/\/jugulajm.net\/?p=71131","title":{"rendered":"EMRI-FOTO\/ Itali, humb jet\u00ebn 22-vje\u00e7ari shqiptar, makina u p\u00ebrplas me autobusin"},"content":{"rendered":"<p>Nj\u00eb aksident tragjik me pasoj\u00eb vdekjen e 22-vje\u00e7arit shqiptar, Neli Eriselto, ka ndodhur mbr\u00ebmjen e 5 Shkurtit n\u00eb Piacenza t\u00eb Italis\u00eb.<\/p>\n<p><strong>\u201c<a href=\"https:\/\/corrieredibologna.corriere.it\/notizie\/cronaca\/24_febbraio_06\/incidente-piacenza-auto-contro-pullman-in-tangenziale-neli-eriselto-muore-a-22-anni-07fc18d6-b472-44b0-bee4-197283539xlk.shtml?refresh_ce\">Corriera della Serra<\/a>\u201c<\/strong>\u00a0raporton se i riu humbi kontrollin mbi makin\u00ebn q\u00eb drejtonte dhe p\u00ebr pasoj\u00eb u p\u00ebrplas me nj\u00eb autobus q\u00eb vinte nga drejtimi i kund\u00ebrt.<\/p>\n<p>Nga p\u00ebrplasja me parakolpin e autobusit, pjesa e majt\u00eb e makin\u00ebs \u00ebsht\u00eb shp\u00ebrb\u00ebr\u00eb t\u00ebr\u00ebsisht.<\/p>\n<p>Kalimtar\u00ebt n\u00eb vendin e ngjarjes ngrit\u00ebn alarmin dhe menj\u00ebher\u00eb erdh\u00ebn sh\u00ebrbimet mjek\u00ebsore, t\u00eb cilat fatkeq\u00ebsisht nuk mund\u00ebn t\u00eb b\u00ebnin dot asgj\u00eb, pasi i riu nuk kishte mundur dot q\u00eb t\u00eb ju rezistonte plag\u00ebve t\u00eb marra.<\/p>\n<p>Shoferi i autobusit nuk kishte p\u00ebsuar d\u00ebmtime, por ishte i tronditur nga ajo q\u00eb kishte ndodhur.<\/p>\n<p>Grupi hetimor po punon p\u00ebr zbardhjen e rrethanave t\u00eb aksidentit q\u00eb i mori jet\u00ebn t\u00eb riut shqiptar.<\/p>\n","protected":false},"excerpt":{"rendered":"<p>Nj\u00eb aksident tragjik me pasoj\u00eb vdekjen e 22-vje\u00e7arit shqiptar, Neli Eriselto, ka ndodhur mbr\u00ebmjen e 5 Shkurtit n\u00eb Piacenza t\u00eb Italis\u00eb. \u201cCorriera della Serra\u201c\u00a0raporton se i riu humbi kontrollin mbi makin\u00ebn q\u00eb drejtonte dhe p\u00ebr pasoj\u00eb u p\u00ebrplas me nj\u00eb autobus q\u00eb vinte nga drejtimi i kund\u00ebrt. Nga p\u00ebrplasja me parakolpin e autobusit, pjesa e [&hellip;]<\/p>\n","protected":false},"author":5,"featured_media":71132,"comment_status":"closed","ping_status":"closed","sticky":false,"template":"","format":"standard","meta":{"footnotes":""},"categories":[1,7664,6332],"tags":[23305,29307,29306],"class_list":{"0":"post-71131","1":"post","2":"type-post","3":"status-publish","4":"format-standard","5":"has-post-thumbnail","7":"category-aktualitet","8":"category-bota","9":"category-te-fundit","10":"tag-emri-foto-itali","11":"tag-humb-jeten-22-vjecari-shqiptar","12":"tag-makina-u-perplas-me-autobusin"},"_links":{"self":[{"href":"https:\/\/jugulajm.net\/index.php?rest_route=\/wp\/v2\/posts\/71131","targetHints":{"allow":["GET"]}}],"collection":[{"href":"https:\/\/jugulajm.net\/index.php?rest_route=\/wp\/v2\/posts"}],"about":[{"href":"https:\/\/jugulajm.net\/index.php?rest_route=\/wp\/v2\/types\/post"}],"author":[{"embeddable":true,"href":"https:\/\/jugulajm.net\/index.php?rest_route=\/wp\/v2\/users\/5"}],"replies":[{"embeddable":true,"href":"https:\/\/jugulajm.net\/index.php?rest_route=%2Fwp%2Fv2%2Fcomments&post=71131"}],"version-history":[{"count":0,"href":"https:\/\/jugulajm.net\/index.php?rest_route=\/wp\/v2\/posts\/71131\/revisions"}],"wp:featuredmedia":[{"embeddable":true,"href":"https:\/\/jugulajm.net\/index.php?rest_route=\/wp\/v2\/media\/71132"}],"wp:attachment":[{"href":"https:\/\/jugulajm.net\/index.php?rest_route=%2Fwp%2Fv2%2Fmedia&parent=71131"}],"wp:term":[{"taxonomy":"category","embeddable":true,"href":"https:\/\/jugulajm.net\/index.php?rest_route=%2Fwp%2Fv2%2Fcategories&post=71131"},{"taxonomy":"post_tag","embeddable":true,"href":"https:\/\/jugulajm.net\/index.php?rest_route=%2Fwp%2Fv2%2Ftags&post=71131"}],"curies":[{"name":"wp","href":"https:\/\/api.w.org\/{rel}","templated":true}]}}