{"id":71093,"date":"2024-02-05T21:39:33","date_gmt":"2024-02-05T20:39:33","guid":{"rendered":"https:\/\/jugulajm.net\/?p=71093"},"modified":"2024-02-05T21:39:33","modified_gmt":"2024-02-05T20:39:33","slug":"emri-foto-arrestohet-ne-greqi-shqiptari-35-vjecar-ja-per-cfare-ishte-ne-kerkim","status":"publish","type":"post","link":"https:\/\/jugulajm.net\/?p=71093","title":{"rendered":"EMRI-FOTO\/ Arrestohet n\u00eb Greqi shqiptari 35-vje\u00e7ar, ja p\u00ebr \u00e7far\u00eb isht\u00eb n\u00eb k\u00ebrkim&#8230;"},"content":{"rendered":"<p>Nj\u00eb 35-vje\u00e7ar nga Vlora \u00ebsht\u00eb arrestuar nga policia greke, pasi ishte shpallur n\u00eb k\u00ebrkim nd\u00ebrkomb\u00ebtar nga autoritetet shqiptare.<\/p>\n<p>N\u00eb pranga \u00ebsht\u00eb v\u00ebn\u00eb shtetasi Joni Idrizi, i cili \u00ebsht\u00eb kapur n\u00eb rrug\u00ebn \u201cLiosion 300\u201d n\u00eb Athin\u00eb teksa pinte kafe pran\u00eb nj\u00eb pike automjetesh.<\/p>\n<p>Idrizi rezulton i shpallur n\u00eb k\u00ebrkim nd\u00ebrkomb\u00ebtar nga policia shqiptare, i d\u00ebnuar me vendim t\u00eb form\u00ebs s\u00eb prer\u00eb nga Gjykata.<\/p>\n<p>Policia greke b\u00ebn me dije se k\u00ebrkimi nga policia shqiptare \u00ebsht\u00eb p\u00ebr shkak t\u00eb thyerjes s\u00eb nj\u00eb mase sigurie t\u00eb vendosur nga drejt\u00ebsia.<\/p>\n","protected":false},"excerpt":{"rendered":"<p>Nj\u00eb 35-vje\u00e7ar nga Vlora \u00ebsht\u00eb arrestuar nga policia greke, pasi ishte shpallur n\u00eb k\u00ebrkim nd\u00ebrkomb\u00ebtar nga autoritetet shqiptare. N\u00eb pranga \u00ebsht\u00eb v\u00ebn\u00eb shtetasi Joni Idrizi, i cili \u00ebsht\u00eb kapur n\u00eb rrug\u00ebn \u201cLiosion 300\u201d n\u00eb Athin\u00eb teksa pinte kafe pran\u00eb nj\u00eb pike automjetesh. Idrizi rezulton i shpallur n\u00eb k\u00ebrkim nd\u00ebrkomb\u00ebtar nga policia shqiptare, i d\u00ebnuar me [&hellip;]<\/p>\n","protected":false},"author":5,"featured_media":71094,"comment_status":"closed","ping_status":"closed","sticky":false,"template":"","format":"standard","meta":{"footnotes":""},"categories":[1,7664,6332],"tags":[29286,29287],"class_list":{"0":"post-71093","1":"post","2":"type-post","3":"status-publish","4":"format-standard","5":"has-post-thumbnail","7":"category-aktualitet","8":"category-bota","9":"category-te-fundit","10":"tag-emri-foto-arrestohet-ne-greqi-shqiptari-35-vjecar","11":"tag-ja-per-cfare-ishte-ne-kerkim"},"_links":{"self":[{"href":"https:\/\/jugulajm.net\/index.php?rest_route=\/wp\/v2\/posts\/71093","targetHints":{"allow":["GET"]}}],"collection":[{"href":"https:\/\/jugulajm.net\/index.php?rest_route=\/wp\/v2\/posts"}],"about":[{"href":"https:\/\/jugulajm.net\/index.php?rest_route=\/wp\/v2\/types\/post"}],"author":[{"embeddable":true,"href":"https:\/\/jugulajm.net\/index.php?rest_route=\/wp\/v2\/users\/5"}],"replies":[{"embeddable":true,"href":"https:\/\/jugulajm.net\/index.php?rest_route=%2Fwp%2Fv2%2Fcomments&post=71093"}],"version-history":[{"count":0,"href":"https:\/\/jugulajm.net\/index.php?rest_route=\/wp\/v2\/posts\/71093\/revisions"}],"wp:featuredmedia":[{"embeddable":true,"href":"https:\/\/jugulajm.net\/index.php?rest_route=\/wp\/v2\/media\/71094"}],"wp:attachment":[{"href":"https:\/\/jugulajm.net\/index.php?rest_route=%2Fwp%2Fv2%2Fmedia&parent=71093"}],"wp:term":[{"taxonomy":"category","embeddable":true,"href":"https:\/\/jugulajm.net\/index.php?rest_route=%2Fwp%2Fv2%2Fcategories&post=71093"},{"taxonomy":"post_tag","embeddable":true,"href":"https:\/\/jugulajm.net\/index.php?rest_route=%2Fwp%2Fv2%2Ftags&post=71093"}],"curies":[{"name":"wp","href":"https:\/\/api.w.org\/{rel}","templated":true}]}}