{"id":71077,"date":"2024-02-05T13:58:30","date_gmt":"2024-02-05T12:58:30","guid":{"rendered":"https:\/\/jugulajm.net\/?p=71077"},"modified":"2024-02-05T13:58:30","modified_gmt":"2024-02-05T12:58:30","slug":"emri-arrestohet-shoferi-21-vjecar-shkaktoi-aksidentin-ku-humbi-jeten-18-vjecari","status":"publish","type":"post","link":"https:\/\/jugulajm.net\/?p=71077","title":{"rendered":"EMRI\/ Arrestohet shoferi 21-vje\u00e7ar, shkaktoi aksidentin ku humbi jet\u00ebn 18-vje\u00e7ari"},"content":{"rendered":"<p>Policia ka prangosur 21-vje\u00e7arin Meglind Zeneli, i cili dyshohet se \u00ebsht\u00eb shkaktari i aksidentit me nj\u00eb viktim\u00eb q\u00eb ndodhi mbr\u00ebmjen e djeshme n\u00eb aksin \u201cLibrazhd-Prrenjas\u201d.<\/p>\n<p>Si pasoj\u00eb e daljes s\u00eb mjetit nga rruga, humbi jeten 18-vje\u00e7ari Dorian Belba, si dhe mbet\u00ebn t\u00eb plagosur shtetasit Gerald Ver\u00e7ani, 19 vje\u00e7 dhe Janikos Shyti, 20 vje\u00e7.<\/p>\n<p>Zeneli ka qen\u00eb n\u00eb drejtimin e mjetit q\u00eb doli nga rruga.<\/p>\n<p><em>\u201cN\u00eb vijim t\u00eb informacionit paraprak t\u00eb dh\u00ebn\u00eb mbr\u00ebmjen e djeshme, p\u00ebr nj\u00eb aksident rrugor n\u00eb aksin \u201cLibrazhd-Prrenjas\u201d, ju informojm\u00eb se specialist\u00ebt e Sektorit t\u00eb Policis\u00eb Rrugore arrestuan n\u00eb flagranc\u00eb shtetasin M. Z., 21 vje\u00e7, banues n\u00eb fshatin Quk\u00ebs, Librazhd, pasi dyshohet se ka humbur kontrollin mbi drejtimin e automjetit dhe p\u00ebr k\u00ebt\u00eb shkak automjeti ka dal\u00eb nga rruga.<\/em><\/p>\n<p><em>P\u00ebr pasoj\u00eb humbi jet\u00ebn nj\u00ebri nga pasagjer\u00ebt e k\u00ebtij automjeti, shtetasi D. B., si dhe kan\u00eb mbetur t\u00eb d\u00ebmtuar 2 pasagjer\u00ebt e tjer\u00eb dhe drejtuesi i automjetit, t\u00eb cil\u00ebt jan\u00eb n\u00eb kujdesin e mjek\u00ebve, jasht\u00eb rrezikut p\u00ebr jet\u00ebn.\u201d<\/em>, thuhet n\u00eb njoftimin e policis\u00eb.<\/p>\n","protected":false},"excerpt":{"rendered":"<p>Policia ka prangosur 21-vje\u00e7arin Meglind Zeneli, i cili dyshohet se \u00ebsht\u00eb shkaktari i aksidentit me nj\u00eb viktim\u00eb q\u00eb ndodhi mbr\u00ebmjen e djeshme n\u00eb aksin \u201cLibrazhd-Prrenjas\u201d. Si pasoj\u00eb e daljes s\u00eb mjetit nga rruga, humbi jeten 18-vje\u00e7ari Dorian Belba, si dhe mbet\u00ebn t\u00eb plagosur shtetasit Gerald Ver\u00e7ani, 19 vje\u00e7 dhe Janikos Shyti, 20 vje\u00e7. Zeneli ka [&hellip;]<\/p>\n","protected":false},"author":5,"featured_media":71078,"comment_status":"closed","ping_status":"closed","sticky":false,"template":"","format":"standard","meta":{"footnotes":""},"categories":[1,6332,29228],"tags":[29275,29276],"class_list":{"0":"post-71077","1":"post","2":"type-post","3":"status-publish","4":"format-standard","5":"has-post-thumbnail","7":"category-aktualitet","8":"category-te-fundit","9":"category-vendi","10":"tag-emri-arrestohet-shoferi-21-vjecar","11":"tag-shkaktoi-aksidentin-ku-humbi-jeten-18-vjecari"},"_links":{"self":[{"href":"https:\/\/jugulajm.net\/index.php?rest_route=\/wp\/v2\/posts\/71077","targetHints":{"allow":["GET"]}}],"collection":[{"href":"https:\/\/jugulajm.net\/index.php?rest_route=\/wp\/v2\/posts"}],"about":[{"href":"https:\/\/jugulajm.net\/index.php?rest_route=\/wp\/v2\/types\/post"}],"author":[{"embeddable":true,"href":"https:\/\/jugulajm.net\/index.php?rest_route=\/wp\/v2\/users\/5"}],"replies":[{"embeddable":true,"href":"https:\/\/jugulajm.net\/index.php?rest_route=%2Fwp%2Fv2%2Fcomments&post=71077"}],"version-history":[{"count":0,"href":"https:\/\/jugulajm.net\/index.php?rest_route=\/wp\/v2\/posts\/71077\/revisions"}],"wp:featuredmedia":[{"embeddable":true,"href":"https:\/\/jugulajm.net\/index.php?rest_route=\/wp\/v2\/media\/71078"}],"wp:attachment":[{"href":"https:\/\/jugulajm.net\/index.php?rest_route=%2Fwp%2Fv2%2Fmedia&parent=71077"}],"wp:term":[{"taxonomy":"category","embeddable":true,"href":"https:\/\/jugulajm.net\/index.php?rest_route=%2Fwp%2Fv2%2Fcategories&post=71077"},{"taxonomy":"post_tag","embeddable":true,"href":"https:\/\/jugulajm.net\/index.php?rest_route=%2Fwp%2Fv2%2Ftags&post=71077"}],"curies":[{"name":"wp","href":"https:\/\/api.w.org\/{rel}","templated":true}]}}