{"id":70965,"date":"2024-02-02T20:07:43","date_gmt":"2024-02-02T19:07:43","guid":{"rendered":"https:\/\/jugulajm.net\/?p=70965"},"modified":"2024-02-02T20:07:43","modified_gmt":"2024-02-02T19:07:43","slug":"berisha-i-drejtohet-rames-nje-qime-floku-po-ti-preket-ahmetajt-do-e-pesosh","status":"publish","type":"post","link":"https:\/\/jugulajm.net\/?p=70965","title":{"rendered":"Berisha i drejtohet Ram\u00ebs: Nj\u00eb qime floku po t&#8217;i preket Ahmetajt, do e p\u00ebsosh&#8230;"},"content":{"rendered":"<p>Nj\u00eb paralajm\u00ebrim p\u00ebr kryeministrin Edi Rama b\u00ebri mbr\u00ebmjen e sotme kryetari i PD-s\u00eb, Sali Berisha, teksa komentoi deklaratat e ish-zv.kryeministrit Arben Ahmetaj.<\/p>\n<p>Berisha p\u00ebrmendi k\u00ebrc\u00ebnimet e Ahmetajt dhe deklaroi se n\u00ebse k\u00ebtij t\u00eb fundit i preket nj\u00eb qime floku, do ta p\u00ebsoj\u00eb Rama.<\/p>\n<p>Sipas tij, kreu i qeveris\u00eb do t\u00eb mbaj\u00eb p\u00ebrgjegj\u00ebsi p\u00ebr shkak se Ahmetaj e denoncoi mbr\u00ebmjen e djeshme me z\u00eb dhe figur\u00eb<\/p>\n<p>\u201cPor t\u00eb jem i sinqert\u00eb pati nj\u00eb aspekt n\u00eb t\u00eb cilin nuk \u00ebsht\u00eb se, nuk u emocionova. Pati nj\u00eb aspekt trondit\u00ebs n\u00eb rr\u00ebfimin dhe intervist\u00ebn e tij.<\/p>\n<p>Cili ishte ky aspekt? K\u00ebrc\u00ebnimi me jet\u00eb i tij n\u00eb kryesin\u00eb e partis\u00eb nga qelit\u00eb e burgjeve, duke d\u00ebshmuar se gjith\u00e7ka zhvillohej si n\u00eb shpellat, si n\u00eb bodrumet e mafias. K\u00ebtu un\u00eb i jap t\u00eb drejt\u00eb, sado q\u00eb n\u00eb rr\u00ebfimin e tij trondit\u00ebs p\u00ebrpiqej her\u00eb t\u00eb thoshte se, frika \u00ebsht\u00eb normale, dhe sigurisht normale \u00ebsht\u00eb, dhe her\u00eb tjet\u00ebr se un\u00eb nuk kam frik\u00eb, por e v\u00ebrteta \u00ebsht\u00eb se ai \u00ebsht\u00eb k\u00ebrc\u00ebnuar me jet\u00eb dhe k\u00ebrc\u00ebnuesi i tij ka nj\u00eb em\u00ebr, dhe si\u00e7 e tha dhe ai vet\u00eb, \u00ebsht\u00eb Edi Rama.<\/p>\n<p>Miq!<\/p>\n<p>Tani un\u00eb k\u00ebtu n\u00eb em\u00ebr tuaj, i deklaroj Edi Ram\u00ebs se nj\u00eb qime floku po e prek\u00ebt Arben Ahmetajt dhe familjes s\u00eb tij, do ta p\u00ebsosh me familjen t\u00ebnde. Ja b\u00ebj k\u00ebt\u00eb sepse Arben Ahmetaj, t\u00eb denoncoj\u00eb. E b\u00ebre me Ervis Martinin, por se b\u00ebn dot kurr\u00eb p\u00ebr Arben Ahmetaj. Mos p\u00ebrdor kriminel mor hajdut, p\u00ebrdor vras\u00ebs, mor frikacak, sepse nuk do t\u00eb mund t\u00eb ndalosh veprime t\u00eb tjera pastaj\u201d, theksoi kryedemokrati.<\/p>\n","protected":false},"excerpt":{"rendered":"<p>Nj\u00eb paralajm\u00ebrim p\u00ebr kryeministrin Edi Rama b\u00ebri mbr\u00ebmjen e sotme kryetari i PD-s\u00eb, Sali Berisha, teksa komentoi deklaratat e ish-zv.kryeministrit Arben Ahmetaj. Berisha p\u00ebrmendi k\u00ebrc\u00ebnimet e Ahmetajt dhe deklaroi se n\u00ebse k\u00ebtij t\u00eb fundit i preket nj\u00eb qime floku, do ta p\u00ebsoj\u00eb Rama. Sipas tij, kreu i qeveris\u00eb do t\u00eb mbaj\u00eb p\u00ebrgjegj\u00ebsi p\u00ebr shkak se [&hellip;]<\/p>\n","protected":false},"author":5,"featured_media":70966,"comment_status":"closed","ping_status":"closed","sticky":false,"template":"","format":"standard","meta":{"footnotes":""},"categories":[1,6326,6332],"tags":[29223,29224],"class_list":{"0":"post-70965","1":"post","2":"type-post","3":"status-publish","4":"format-standard","5":"has-post-thumbnail","7":"category-aktualitet","8":"category-politike","9":"category-te-fundit","10":"tag-berisha-i-drejtohet-rames-nje-qime-floku-po-ti-preket-ahmetajt","11":"tag-do-e-pesosh"},"_links":{"self":[{"href":"https:\/\/jugulajm.net\/index.php?rest_route=\/wp\/v2\/posts\/70965","targetHints":{"allow":["GET"]}}],"collection":[{"href":"https:\/\/jugulajm.net\/index.php?rest_route=\/wp\/v2\/posts"}],"about":[{"href":"https:\/\/jugulajm.net\/index.php?rest_route=\/wp\/v2\/types\/post"}],"author":[{"embeddable":true,"href":"https:\/\/jugulajm.net\/index.php?rest_route=\/wp\/v2\/users\/5"}],"replies":[{"embeddable":true,"href":"https:\/\/jugulajm.net\/index.php?rest_route=%2Fwp%2Fv2%2Fcomments&post=70965"}],"version-history":[{"count":0,"href":"https:\/\/jugulajm.net\/index.php?rest_route=\/wp\/v2\/posts\/70965\/revisions"}],"wp:featuredmedia":[{"embeddable":true,"href":"https:\/\/jugulajm.net\/index.php?rest_route=\/wp\/v2\/media\/70966"}],"wp:attachment":[{"href":"https:\/\/jugulajm.net\/index.php?rest_route=%2Fwp%2Fv2%2Fmedia&parent=70965"}],"wp:term":[{"taxonomy":"category","embeddable":true,"href":"https:\/\/jugulajm.net\/index.php?rest_route=%2Fwp%2Fv2%2Fcategories&post=70965"},{"taxonomy":"post_tag","embeddable":true,"href":"https:\/\/jugulajm.net\/index.php?rest_route=%2Fwp%2Fv2%2Ftags&post=70965"}],"curies":[{"name":"wp","href":"https:\/\/api.w.org\/{rel}","templated":true}]}}