{"id":70939,"date":"2024-02-02T10:38:17","date_gmt":"2024-02-02T09:38:17","guid":{"rendered":"https:\/\/jugulajm.net\/?p=70939"},"modified":"2024-02-02T10:38:17","modified_gmt":"2024-02-02T09:38:17","slug":"emri-foto-ja-kush-eshte-34-vjecari-shqiptar-qe-u-plagos-me-3-plumba-ne-athine","status":"publish","type":"post","link":"https:\/\/jugulajm.net\/?p=70939","title":{"rendered":"EMRI-FOTO\/ Ja kush \u00ebsht\u00eb 34-vje\u00e7ari shqiptar q\u00eb u plagos me 3 plumba n\u00eb Athin\u00eb"},"content":{"rendered":"<p>Personi q\u00eb shihni n\u00eb foton e m\u00ebsip\u00ebrme \u00ebsht\u00eb 34-vje\u00e7ari shqiptar Renis Fejzolli, i cili mbeti i plagosur pas nj\u00eb sulmi me arm\u00eb zjarri nat\u00ebn e kaluar n\u00eb nj\u00eb park t\u00eb Athin\u00ebs n\u00eb Greqi.<\/p>\n<p>Ngjarja ndodhi rreth or\u00ebs 04:00 t\u00eb m\u00ebngjesit n\u00eb rrug\u00ebn \u201cIera Odos\u201d dhe \u201cSpyrou Patsi\u201d. Nga t\u00eb sht\u00ebnat 34-vje\u00e7ari mbeti i plagosur n\u00eb bark dhe i \u00ebsht\u00eb dashur t\u00eb udh\u00ebtoj\u00eb vet\u00eb me makin\u00eb drejt patrull\u00ebs m\u00eb t\u00eb af\u00ebrt ku ka k\u00ebrkuar edhe ndihm\u00eb.<\/p>\n<p>M\u00eb pasi, ai \u00ebsht\u00eb d\u00ebrguar n\u00eb spitalin Giorgos Gennimatas ku po trajtohet p\u00ebr plag\u00ebt n\u00eb bark.<\/p>\n<div class=\"jeg_ad jeg_ad_article jnews_content_inline_2_ads  \">\n<div class=\"ads-wrapper align-center \">\n<div class=\"ads_code\">Sipas informacioneve, autor\u00ebt kan\u00eb qen\u00eb n\u00eb nj\u00eb makin\u00eb, kur i jan\u00eb afruar 34-vje\u00e7arit dhe e kan\u00eb q\u00eblluar tre her\u00eb. Policia gjeti n\u00eb vend ngjarje 3 g\u00ebzhoja t\u00eb nj\u00eb pistolete 9mm, nd\u00ebsa makina e mark\u00ebs Smart e viktim\u00ebs do t\u2019i n\u00ebnshtrohet kontrollit p\u00ebr gjetjen e ndonj\u00eb gjurme t\u00eb autor\u00ebve.<\/div>\n<\/div>\n<\/div>\n","protected":false},"excerpt":{"rendered":"<p>Personi q\u00eb shihni n\u00eb foton e m\u00ebsip\u00ebrme \u00ebsht\u00eb 34-vje\u00e7ari shqiptar Renis Fejzolli, i cili mbeti i plagosur pas nj\u00eb sulmi me arm\u00eb zjarri nat\u00ebn e kaluar n\u00eb nj\u00eb park t\u00eb Athin\u00ebs n\u00eb Greqi. Ngjarja ndodhi rreth or\u00ebs 04:00 t\u00eb m\u00ebngjesit n\u00eb rrug\u00ebn \u201cIera Odos\u201d dhe \u201cSpyrou Patsi\u201d. Nga t\u00eb sht\u00ebnat 34-vje\u00e7ari mbeti i plagosur n\u00eb [&hellip;]<\/p>\n","protected":false},"author":5,"featured_media":70940,"comment_status":"closed","ping_status":"closed","sticky":false,"template":"","format":"standard","meta":{"footnotes":""},"categories":[1,6332],"tags":[29205],"class_list":{"0":"post-70939","1":"post","2":"type-post","3":"status-publish","4":"format-standard","5":"has-post-thumbnail","7":"category-aktualitet","8":"category-te-fundit","9":"tag-emri-foto-ja-kush-eshte-34-vjecari-shqiptar-qe-u-plagos-me-3-plumba-ne-athine"},"_links":{"self":[{"href":"https:\/\/jugulajm.net\/index.php?rest_route=\/wp\/v2\/posts\/70939","targetHints":{"allow":["GET"]}}],"collection":[{"href":"https:\/\/jugulajm.net\/index.php?rest_route=\/wp\/v2\/posts"}],"about":[{"href":"https:\/\/jugulajm.net\/index.php?rest_route=\/wp\/v2\/types\/post"}],"author":[{"embeddable":true,"href":"https:\/\/jugulajm.net\/index.php?rest_route=\/wp\/v2\/users\/5"}],"replies":[{"embeddable":true,"href":"https:\/\/jugulajm.net\/index.php?rest_route=%2Fwp%2Fv2%2Fcomments&post=70939"}],"version-history":[{"count":0,"href":"https:\/\/jugulajm.net\/index.php?rest_route=\/wp\/v2\/posts\/70939\/revisions"}],"wp:featuredmedia":[{"embeddable":true,"href":"https:\/\/jugulajm.net\/index.php?rest_route=\/wp\/v2\/media\/70940"}],"wp:attachment":[{"href":"https:\/\/jugulajm.net\/index.php?rest_route=%2Fwp%2Fv2%2Fmedia&parent=70939"}],"wp:term":[{"taxonomy":"category","embeddable":true,"href":"https:\/\/jugulajm.net\/index.php?rest_route=%2Fwp%2Fv2%2Fcategories&post=70939"},{"taxonomy":"post_tag","embeddable":true,"href":"https:\/\/jugulajm.net\/index.php?rest_route=%2Fwp%2Fv2%2Ftags&post=70939"}],"curies":[{"name":"wp","href":"https:\/\/api.w.org\/{rel}","templated":true}]}}