{"id":70925,"date":"2024-02-01T21:58:34","date_gmt":"2024-02-01T20:58:34","guid":{"rendered":"https:\/\/jugulajm.net\/?p=70925"},"modified":"2024-02-01T21:58:50","modified_gmt":"2024-02-01T20:58:50","slug":"ahmetaj-shqiptaret-do-llahtarisen-se-deri-ku-arrin-afera-e-inceneratorit","status":"publish","type":"post","link":"https:\/\/jugulajm.net\/?p=70925","title":{"rendered":"Ahmetaj: Shqiptar\u00ebt do llahtarisen se deri ku arrin afera e inceneratorit"},"content":{"rendered":"<p>N\u00eb nj\u00eb intervist\u00eb me gazetarin, \u00c7im Peka, ish-zv.kryeministri Arben Ahmetaj, nd\u00ebr t\u00eb tjera ka th\u00ebn\u00eb se n\u00ebse SPAK do t\u00eb hetoj\u00eb ashtu si\u00e7 duhet afer\u00ebn e incenerator\u00ebve, shqiptar\u00ebt do t\u00eb llahtarisen.<\/p>\n<p>Ahmetaj ka shtuar se\u00a0 habitet se kur del n\u00eb letra e je paguar nga incenerator\u00ebt dhe t\u00eb dal\u00ebsh t\u00eb b\u00ebsh sikur po lufton korrupsioni \u00ebsht\u00eb \u00e7menduri.<\/p>\n<p><strong>\u00c7im Peka: Pse i shmangin procedurat sipas jush?<\/strong><\/p>\n<p><strong>Arben Ahmetaj:<\/strong> Po qe se do b\u00ebhet, dhe i sfidoj. Po qe se do t\u00eb b\u00ebhej nj\u00eb hetim i v\u00ebrtet\u00eb p\u00ebr inceneratorin e Tiran\u00ebs, shqiptar\u00ebt nuk do t\u00eb habiten, por do t\u00eb llahtarisen se deri ku do t\u00eb shkoj\u00eb. Po sigurisht q\u00eb SPAK nuk e b\u00ebn k\u00ebt\u00eb. Un\u00eb thash\u00eb, \u2018ndiq parat\u00eb\u2019.<\/p>\n<p>Un\u00eb isha i akuzuar nga opinioni publik pra, n\u00eb populizmin penal shqiptar, un\u00eb po goditesha me gur\u00eb nga dritaret e Top Channel, apo nga t\u00eb gjitha mediat e paguara nga incenerator\u00ebt. Mercenar\u00eb, vullnetar\u00eb, t\u00eb paguar, t\u00eb sponsorizuar, t\u00eb gjith\u00eb.<\/p>\n<p>Un\u00eb habitem se si, kur del n\u00ebp\u00ebr letra se je paguar nga incenerator\u00ebt dhe t\u00eb dal\u00ebsh t\u00eb b\u00ebsh sikur po lufton korrupsioni \u00ebsht\u00eb \u00e7menduri.<\/p>\n<p>Megjithat\u00eb ky \u00ebsht\u00eb nj\u00eb diskutim dhe kapitull tjet\u00ebr. Pra, po t\u00eb hetohet Tirana, shqiptar\u00ebt nuk do t\u00eb habiten, por t\u00eb llahtarisen. Do t\u00eb shkoj\u00eb shum\u00eb lart.<\/p>\n","protected":false},"excerpt":{"rendered":"<p>N\u00eb nj\u00eb intervist\u00eb me gazetarin, \u00c7im Peka, ish-zv.kryeministri Arben Ahmetaj, nd\u00ebr t\u00eb tjera ka th\u00ebn\u00eb se n\u00ebse SPAK do t\u00eb hetoj\u00eb ashtu si\u00e7 duhet afer\u00ebn e incenerator\u00ebve, shqiptar\u00ebt do t\u00eb llahtarisen. Ahmetaj ka shtuar se\u00a0 habitet se kur del n\u00eb letra e je paguar nga incenerator\u00ebt dhe t\u00eb dal\u00ebsh t\u00eb b\u00ebsh sikur po lufton korrupsioni [&hellip;]<\/p>\n","protected":false},"author":5,"featured_media":70926,"comment_status":"closed","ping_status":"closed","sticky":false,"template":"","format":"standard","meta":{"footnotes":""},"categories":[6326,6332],"tags":[29201],"class_list":{"0":"post-70925","1":"post","2":"type-post","3":"status-publish","4":"format-standard","5":"has-post-thumbnail","7":"category-politike","8":"category-te-fundit","9":"tag-ahmetaj-shqiptaret-do-llahtarisen-se-deri-ku-arrin-afera-e-inceneratorit"},"_links":{"self":[{"href":"https:\/\/jugulajm.net\/index.php?rest_route=\/wp\/v2\/posts\/70925","targetHints":{"allow":["GET"]}}],"collection":[{"href":"https:\/\/jugulajm.net\/index.php?rest_route=\/wp\/v2\/posts"}],"about":[{"href":"https:\/\/jugulajm.net\/index.php?rest_route=\/wp\/v2\/types\/post"}],"author":[{"embeddable":true,"href":"https:\/\/jugulajm.net\/index.php?rest_route=\/wp\/v2\/users\/5"}],"replies":[{"embeddable":true,"href":"https:\/\/jugulajm.net\/index.php?rest_route=%2Fwp%2Fv2%2Fcomments&post=70925"}],"version-history":[{"count":0,"href":"https:\/\/jugulajm.net\/index.php?rest_route=\/wp\/v2\/posts\/70925\/revisions"}],"wp:featuredmedia":[{"embeddable":true,"href":"https:\/\/jugulajm.net\/index.php?rest_route=\/wp\/v2\/media\/70926"}],"wp:attachment":[{"href":"https:\/\/jugulajm.net\/index.php?rest_route=%2Fwp%2Fv2%2Fmedia&parent=70925"}],"wp:term":[{"taxonomy":"category","embeddable":true,"href":"https:\/\/jugulajm.net\/index.php?rest_route=%2Fwp%2Fv2%2Fcategories&post=70925"},{"taxonomy":"post_tag","embeddable":true,"href":"https:\/\/jugulajm.net\/index.php?rest_route=%2Fwp%2Fv2%2Ftags&post=70925"}],"curies":[{"name":"wp","href":"https:\/\/api.w.org\/{rel}","templated":true}]}}