{"id":70921,"date":"2024-02-01T19:34:59","date_gmt":"2024-02-01T18:34:59","guid":{"rendered":"https:\/\/jugulajm.net\/?p=70921"},"modified":"2024-02-01T19:35:46","modified_gmt":"2024-02-01T18:35:46","slug":"nene-e-bije-u-gjeten-te-pajeta-ne-banese-flet-fqinja-e-tyre","status":"publish","type":"post","link":"https:\/\/jugulajm.net\/?p=70921","title":{"rendered":"N\u00ebn\u00eb e bij\u00eb u gjet\u00ebn t\u00eb pajeta n\u00eb banes\u00eb, flet fqinja e tyre&#8230;"},"content":{"rendered":"<p>Pas ngjarjes s\u00eb r\u00ebnd\u00eb n\u00eb Kor\u00e7\u00eb, ku n\u00ebn\u00eb e bij\u00eb Eleni dhe Ornela Vangjeli, 74 dhe 54 vje\u00e7 u gjet\u00ebn\u00a0 t\u00eb vdekura n\u00eb banes\u00eb, fqinja e tyre, tregon kontaktin e fundit me to.<\/p>\n<p>Ajo shprehet se me 54-vje\u00e7aren ka folur t\u00eb shtun\u00ebn, dhe i \u00ebsht\u00eb shprehur se ka shtruar n\u00ebn\u00eb n\u00eb spital pasi ka probleme me frym\u00ebmarrjen.<\/p>\n<p>Fqinja shprehet se ajo ka shkuar gjat\u00eb k\u00ebtyre dit\u00ebve n\u00eb banes\u00ebn e tyre, por dera nuk \u00ebsht\u00eb hapur, madje s\u00eb fundmi n\u00eb banes\u00ebn e tyre kan\u00eb ardhur edhe koleg\u00ebt e 54-vje\u00e7ares, por dera nuk \u00ebsht\u00eb hapur.<\/p>\n<p>Ka qen\u00eb djali i t\u00eb moshuar\u00ebs, q\u00eb \u00ebsht\u00eb kthyer sot nga Greqia i cili ka tentuar t\u00eb futet, por ka par\u00eb q\u00eb dera ka qen\u00eb e mbyllur nga brenda, nd\u00ebrsa m\u00eb pas \u00ebsht\u00eb thirrur zjarrfik\u00ebsja dhe policia<\/p>\n<p>\u201cMe Ornel\u00ebn kam komunikuar t\u00eb shtun\u00ebn, ajo m\u00eb tha q\u00eb kishte shtruar n\u00ebn\u00ebn e saj n\u00eb spital sepse kishte v\u00ebshtir\u00ebsi n\u00eb frym\u00ebmarrje.<\/p>\n<p>Ornela m\u00eb k\u00ebrkoi t\u00eb shihja n\u00ebse e kishte mbyllur der\u00ebn e banes\u00ebs s\u00eb saj apo e kishte l\u00ebn\u00eb hapur. Un\u00eb shkova kontrollova der\u00ebn e sht\u00ebpis\u00eb s\u00eb saj dhe i thash\u00eb q\u00eb der\u00ebn e ke t\u00eb mbyllur.<\/p>\n<p>Gjat\u00eb k\u00ebtyre dit\u00ebve kur kam dal\u00eb nga sht\u00ebpia kam trokitur tek dera e Ornel\u00ebs por nuk m\u00eb \u00ebsht\u00eb p\u00ebrgjigjur njeri edhe pse kur kam par\u00eb der\u00ebn nga af\u00ebr m\u00eb \u00ebsht\u00eb dukur sikur brenda kishte \u00e7el\u00ebs. U shqet\u00ebsova sepse me Ornel\u00ebn nuk po kontaktoja m\u00eb.<\/p>\n<p>Ornela ishte edukatore n\u00eb Vithkuq, dhe sot erdh\u00ebn koleg\u00ebt e pun\u00ebs p\u00ebr ta k\u00ebrkuar, trokit\u00ebn edhe ata por dera nuk u hap.<\/p>\n<p>Un\u00eb mora n\u00eb tel edhe mbes\u00ebn e tyre, por as ajo nuk dinte gj\u00eb. Sot erdhi djali nga Greqia, tentoi t\u00eb hapte der\u00ebn por dera ishte e mbyllur nga brenda.<\/p>\n<p>M\u00eb pas me ndihm\u00ebn e zjarrfik\u00ebses dhe policis\u00eb dera u hap por i gjet\u00ebn t\u00eb pajeta\u201d tha ajo.<\/p>\n","protected":false},"excerpt":{"rendered":"<p>Pas ngjarjes s\u00eb r\u00ebnd\u00eb n\u00eb Kor\u00e7\u00eb, ku n\u00ebn\u00eb e bij\u00eb Eleni dhe Ornela Vangjeli, 74 dhe 54 vje\u00e7 u gjet\u00ebn\u00a0 t\u00eb vdekura n\u00eb banes\u00eb, fqinja e tyre, tregon kontaktin e fundit me to. Ajo shprehet se me 54-vje\u00e7aren ka folur t\u00eb shtun\u00ebn, dhe i \u00ebsht\u00eb shprehur se ka shtruar n\u00ebn\u00eb n\u00eb spital pasi ka probleme [&hellip;]<\/p>\n","protected":false},"author":5,"featured_media":70922,"comment_status":"closed","ping_status":"closed","sticky":false,"template":"","format":"standard","meta":{"footnotes":""},"categories":[1,6332],"tags":[29200,29199],"class_list":{"0":"post-70921","1":"post","2":"type-post","3":"status-publish","4":"format-standard","5":"has-post-thumbnail","7":"category-aktualitet","8":"category-te-fundit","9":"tag-flet-fqinja-e-tyre","10":"tag-nene-e-bije-u-gjeten-te-pajeta-ne-banese"},"_links":{"self":[{"href":"https:\/\/jugulajm.net\/index.php?rest_route=\/wp\/v2\/posts\/70921","targetHints":{"allow":["GET"]}}],"collection":[{"href":"https:\/\/jugulajm.net\/index.php?rest_route=\/wp\/v2\/posts"}],"about":[{"href":"https:\/\/jugulajm.net\/index.php?rest_route=\/wp\/v2\/types\/post"}],"author":[{"embeddable":true,"href":"https:\/\/jugulajm.net\/index.php?rest_route=\/wp\/v2\/users\/5"}],"replies":[{"embeddable":true,"href":"https:\/\/jugulajm.net\/index.php?rest_route=%2Fwp%2Fv2%2Fcomments&post=70921"}],"version-history":[{"count":0,"href":"https:\/\/jugulajm.net\/index.php?rest_route=\/wp\/v2\/posts\/70921\/revisions"}],"wp:featuredmedia":[{"embeddable":true,"href":"https:\/\/jugulajm.net\/index.php?rest_route=\/wp\/v2\/media\/70922"}],"wp:attachment":[{"href":"https:\/\/jugulajm.net\/index.php?rest_route=%2Fwp%2Fv2%2Fmedia&parent=70921"}],"wp:term":[{"taxonomy":"category","embeddable":true,"href":"https:\/\/jugulajm.net\/index.php?rest_route=%2Fwp%2Fv2%2Fcategories&post=70921"},{"taxonomy":"post_tag","embeddable":true,"href":"https:\/\/jugulajm.net\/index.php?rest_route=%2Fwp%2Fv2%2Ftags&post=70921"}],"curies":[{"name":"wp","href":"https:\/\/api.w.org\/{rel}","templated":true}]}}