{"id":70832,"date":"2024-01-30T12:42:31","date_gmt":"2024-01-30T11:42:31","guid":{"rendered":"https:\/\/jugulajm.net\/?p=70832"},"modified":"2024-01-30T12:42:31","modified_gmt":"2024-01-30T11:42:31","slug":"aksidenti-i-djeshem-te-ura-e-kardhiqit-arrestohet-shoferi-25-vjecar-procedohet-shoferi-tjeter-31-vjecar","status":"publish","type":"post","link":"https:\/\/jugulajm.net\/?p=70832","title":{"rendered":"Aksidenti i djesh\u00ebm te \u201cUra e Kardhiqit&#8221;, arrestohet shoferi 25 vje\u00e7ar, procedohet shoferi tjet\u00ebr 31 vje\u00e7ar"},"content":{"rendered":"<p>N\u00eb vijim t\u00eb informacionit paraprak t\u00eb dh\u00ebn\u00eb dit\u00ebn e djeshme, p\u00ebr nj\u00eb aksident n\u00eb aksin rrugor \u201cUra e Kardhiqit- Gjirokast\u00ebr\u201d, me 3 shtetas t\u00eb d\u00ebmtuar,\u00a0Specialist\u00ebt e Seksionit t\u00eb Trafikut Interurban dhe Urban arrestuan n\u00eb flagranc\u00eb nj\u00ebrin nga drejtuesin e automjeteve t\u00eb p\u00ebrfshira n\u00eb aksident, shtetasin F. K., 25 vje\u00e7, banues n\u00eb fshatin Prongji, si dhe referuan materialet n\u00eb Prokurori ku nisi procedimi n\u00eb gjendje t\u00eb lir\u00eb p\u00ebr drejtuesin e automjetit tjet\u00ebr, shtetasin F. K., 31 vje\u00e7, banues n\u00eb Gjirokast\u00ebr.<\/p>\n<p>Materialet procedurale i kaluan Prokuroris\u00eb pran\u00eb Gjykat\u00ebs s\u00eb Shkall\u00ebs s\u00eb Par\u00eb t\u00eb Juridiksionit t\u00eb P\u00ebrgjithsh\u00ebm Gjirokast\u00ebr, p\u00ebr veprime t\u00eb m\u00ebtejshme.<\/p>\n","protected":false},"excerpt":{"rendered":"<p>N\u00eb vijim t\u00eb informacionit paraprak t\u00eb dh\u00ebn\u00eb dit\u00ebn e djeshme, p\u00ebr nj\u00eb aksident n\u00eb aksin rrugor \u201cUra e Kardhiqit- Gjirokast\u00ebr\u201d, me 3 shtetas t\u00eb d\u00ebmtuar,\u00a0Specialist\u00ebt e Seksionit t\u00eb Trafikut Interurban dhe Urban arrestuan n\u00eb flagranc\u00eb nj\u00ebrin nga drejtuesin e automjeteve t\u00eb p\u00ebrfshira n\u00eb aksident, shtetasin F. K., 25 vje\u00e7, banues n\u00eb fshatin Prongji, si dhe [&hellip;]<\/p>\n","protected":false},"author":5,"featured_media":51910,"comment_status":"closed","ping_status":"closed","sticky":false,"template":"","format":"standard","meta":{"footnotes":""},"categories":[1,6332],"tags":[29149,29150,29151],"class_list":{"0":"post-70832","1":"post","2":"type-post","3":"status-publish","4":"format-standard","5":"has-post-thumbnail","7":"category-aktualitet","8":"category-te-fundit","9":"tag-aksidenti-i-djeshem-te-ura-e-kardhiqit","10":"tag-arrestohet-shoferi-25-vjecar","11":"tag-procedohet-shoferi-tjeter-31-vjecar"},"_links":{"self":[{"href":"https:\/\/jugulajm.net\/index.php?rest_route=\/wp\/v2\/posts\/70832","targetHints":{"allow":["GET"]}}],"collection":[{"href":"https:\/\/jugulajm.net\/index.php?rest_route=\/wp\/v2\/posts"}],"about":[{"href":"https:\/\/jugulajm.net\/index.php?rest_route=\/wp\/v2\/types\/post"}],"author":[{"embeddable":true,"href":"https:\/\/jugulajm.net\/index.php?rest_route=\/wp\/v2\/users\/5"}],"replies":[{"embeddable":true,"href":"https:\/\/jugulajm.net\/index.php?rest_route=%2Fwp%2Fv2%2Fcomments&post=70832"}],"version-history":[{"count":0,"href":"https:\/\/jugulajm.net\/index.php?rest_route=\/wp\/v2\/posts\/70832\/revisions"}],"wp:featuredmedia":[{"embeddable":true,"href":"https:\/\/jugulajm.net\/index.php?rest_route=\/wp\/v2\/media\/51910"}],"wp:attachment":[{"href":"https:\/\/jugulajm.net\/index.php?rest_route=%2Fwp%2Fv2%2Fmedia&parent=70832"}],"wp:term":[{"taxonomy":"category","embeddable":true,"href":"https:\/\/jugulajm.net\/index.php?rest_route=%2Fwp%2Fv2%2Fcategories&post=70832"},{"taxonomy":"post_tag","embeddable":true,"href":"https:\/\/jugulajm.net\/index.php?rest_route=%2Fwp%2Fv2%2Ftags&post=70832"}],"curies":[{"name":"wp","href":"https:\/\/api.w.org\/{rel}","templated":true}]}}