{"id":70813,"date":"2024-01-29T17:03:13","date_gmt":"2024-01-29T16:03:13","guid":{"rendered":"https:\/\/jugulajm.net\/?p=70813"},"modified":"2024-01-29T17:03:13","modified_gmt":"2024-01-29T16:03:13","slug":"ministri-balla-flet-per-ceshtjen-martinaj","status":"publish","type":"post","link":"https:\/\/jugulajm.net\/?p=70813","title":{"rendered":"Ministri Balla flet p\u00ebr \u00e7\u00ebshtjen Martinaj"},"content":{"rendered":"<p>Ministri i Brendsh\u00ebm Taulant Balla ishte n\u00eb Drejtorin\u00eb Vendore t\u00eb Policis\u00eb s\u00eb Lezh\u00ebs, n\u00eb analiz\u00ebn vjetore t\u00eb k\u00ebtij institucioni.<\/p>\n<p>Ministri Balla foli pas mbledhjes p\u00ebr situat\u00ebn problematike t\u00eb krijuar nga ngjarjet kriminale, duke u ndalur te vrasjet pa autor ku argumentoi se shum\u00eb shpejt do t\u00eb ket\u00eb rezultate.<\/p>\n<p>Sipas tij, v\u00ebmendje e shtuar do ket\u00eb dhe ndaj fenomenit t\u00eb gjakmarrjes q\u00eb ka prodhuar pjes\u00ebn m\u00eb t\u00eb madhe t\u00eb k\u00ebtyre ngjarjeve me viktima.<\/p>\n<p>N\u00eb lidhje me fatin e t\u00eb shumekerkuarit Ervis Martinaj, Balla tha se \u00e7\u00ebshtja \u00ebsht\u00eb n\u00ebn hetim nga prokuroria e Lezh\u00ebs dhe se Policia e Shtetit, ende nuk ka nj\u00eb p\u00ebrgjigje p\u00ebr k\u00ebt\u00eb rast.<\/p>\n","protected":false},"excerpt":{"rendered":"<p>Ministri i Brendsh\u00ebm Taulant Balla ishte n\u00eb Drejtorin\u00eb Vendore t\u00eb Policis\u00eb s\u00eb Lezh\u00ebs, n\u00eb analiz\u00ebn vjetore t\u00eb k\u00ebtij institucioni. Ministri Balla foli pas mbledhjes p\u00ebr situat\u00ebn problematike t\u00eb krijuar nga ngjarjet kriminale, duke u ndalur te vrasjet pa autor ku argumentoi se shum\u00eb shpejt do t\u00eb ket\u00eb rezultate. Sipas tij, v\u00ebmendje e shtuar do ket\u00eb [&hellip;]<\/p>\n","protected":false},"author":5,"featured_media":70814,"comment_status":"closed","ping_status":"closed","sticky":false,"template":"","format":"standard","meta":{"footnotes":""},"categories":[1,6332],"tags":[29143],"class_list":{"0":"post-70813","1":"post","2":"type-post","3":"status-publish","4":"format-standard","5":"has-post-thumbnail","7":"category-aktualitet","8":"category-te-fundit","9":"tag-ministri-balla-flet-per-ceshtjen-martinaj"},"_links":{"self":[{"href":"https:\/\/jugulajm.net\/index.php?rest_route=\/wp\/v2\/posts\/70813","targetHints":{"allow":["GET"]}}],"collection":[{"href":"https:\/\/jugulajm.net\/index.php?rest_route=\/wp\/v2\/posts"}],"about":[{"href":"https:\/\/jugulajm.net\/index.php?rest_route=\/wp\/v2\/types\/post"}],"author":[{"embeddable":true,"href":"https:\/\/jugulajm.net\/index.php?rest_route=\/wp\/v2\/users\/5"}],"replies":[{"embeddable":true,"href":"https:\/\/jugulajm.net\/index.php?rest_route=%2Fwp%2Fv2%2Fcomments&post=70813"}],"version-history":[{"count":0,"href":"https:\/\/jugulajm.net\/index.php?rest_route=\/wp\/v2\/posts\/70813\/revisions"}],"wp:featuredmedia":[{"embeddable":true,"href":"https:\/\/jugulajm.net\/index.php?rest_route=\/wp\/v2\/media\/70814"}],"wp:attachment":[{"href":"https:\/\/jugulajm.net\/index.php?rest_route=%2Fwp%2Fv2%2Fmedia&parent=70813"}],"wp:term":[{"taxonomy":"category","embeddable":true,"href":"https:\/\/jugulajm.net\/index.php?rest_route=%2Fwp%2Fv2%2Fcategories&post=70813"},{"taxonomy":"post_tag","embeddable":true,"href":"https:\/\/jugulajm.net\/index.php?rest_route=%2Fwp%2Fv2%2Ftags&post=70813"}],"curies":[{"name":"wp","href":"https:\/\/api.w.org\/{rel}","templated":true}]}}