{"id":70773,"date":"2024-01-28T14:47:25","date_gmt":"2024-01-28T13:47:25","guid":{"rendered":"https:\/\/jugulajm.net\/?p=70773"},"modified":"2024-01-28T14:47:25","modified_gmt":"2024-01-28T13:47:25","slug":"vrasja-e-liridones-i-shiti-armen-naim-murselit-rrefehet-i-arrestuari-i-4-armen-e-provuan","status":"publish","type":"post","link":"https:\/\/jugulajm.net\/?p=70773","title":{"rendered":"Vrasja e Liridon\u00ebs\/ I shiti arm\u00ebn Naim Murselit, rr\u00ebfehet i arrestuari i 4: Arm\u00ebn e provuan&#8230;"},"content":{"rendered":"<p>I arrestuari i kat\u00ebrt p\u00ebr vrasjen e Liridona Ademajt, Tom Dodaj ka dh\u00ebn\u00eb d\u00ebshmin\u00eb\u00a0 etij para autoriteteve.<\/p>\n<p>Ai ka pranuar se i ka shitur arm\u00ebn Naim Murselit, por shton se nuk e kishte iden\u00eb se \u00e7far\u00eb do t\u00eb b\u00ebnin me arm\u00ebn.<\/p>\n<p>Ai d\u00ebshmon \u00a0se kan\u00eb shkuar tek ai pas iiu sihet prishur goma e makin\u00ebs. Shpjegon se ka marr\u00eb gom\u00ebn dhe kan\u00eb shkuar n\u00eb nj\u00eb gomisteri pran\u00eb fshatit Osek.<\/p>\n<p>Gjat\u00eb rrug\u00ebs, Murseli ka treguar se mban nj\u00eb arm\u00eb q\u00eb ka kushtuar 1 mij\u00eb euro, nd\u00ebrsa Dodaj i ka th\u00ebn\u00eb se ka nj\u00eb arm\u00eb q\u00eb kushton 250 euro.<\/p>\n<p>Pas k\u00ebsaj ata kan\u00eb shkuar n\u00eb sht\u00ebpin\u00eb e tij dhe e kan\u00eb provuar arm\u00ebn dhe e kan\u00eb marr\u00eb.<\/p>\n<p>\u201cUn\u00eb nuk i kam njohur k\u00ebta persona deri me dat\u00ebn 29 n\u00ebntor 2023. Po as at\u00eb dit\u00eb nuk i kam njohur si emra, por e kam kuptuar pasi jan\u00eb arrestuar se kush ishin k\u00ebta dy persona t\u00eb cil\u00ebt kishin ardhur p\u00ebr t\u00eb rregulluar makin\u00ebn tek un\u00eb.<\/p>\n<p>At\u00eb dit\u00eb q\u00eb kan\u00eb ardhur iu ishte prishur goma e makin\u00ebs, Range Rover q\u00eb e ka pasur ngjyr\u00eb t\u00eb zez\u00eb. Kam marr\u00eb gom\u00ebn e d\u00ebmtuar t\u00eb makin\u00ebs s\u00eb tyre dhe shkuam n\u00eb nj\u00eb gomisteri tjet\u00ebr n\u00eb fshatin Osek.<\/p>\n<p>Gjat\u00eb kthimit n\u00eb makin\u00eb, Naimi ka nisur t\u00eb flas\u00eb p\u00ebr arm\u00eb dhe ka th\u00ebn\u00eb q\u00eb kam nj\u00eb arm\u00eb 1000 euro. Nd\u00ebrsa un\u00eb i kam th\u00ebn\u00eb q\u00eb kam nj\u00eb arm\u00eb q\u00eb vlen 250 euro. Naimi m\u00eb ka th\u00ebn\u00eb a b\u00ebn q\u00eb ta shikoj. Pasi kemi shkuar n\u00eb sht\u00ebpi, kam marr\u00eb arm\u00ebn. Shoku i Naimit, Graniti e ka marr\u00eb dhe e ka provuar n\u00eb oborrin tim. Pas Granitit e ka marr\u00eb edhe Naimi, e ka provuar.<\/p>\n<p>E kan\u00eb marr\u00eb arm\u00ebn dhe kan\u00eb shkuar n\u00eb drejtim t\u00eb gomisteris\u00eb dhe kan\u00eb th\u00ebn\u00eb q\u00eb kur t\u00eb kthehemi do t\u2019i marrim edhe fishek\u00ebt. Pasi kan\u00eb ardhur, kan\u00eb marr\u00eb edhe 20 fishek\u00eb, m\u00eb pas jan\u00eb larguar.<\/p>\n<p>Mesa m\u00eb kujtohet mua e gjith\u00eb ngjarja ka ndodhur rreth 1 or\u00eb, prej or\u00ebs 14:00 deri n\u00eb or\u00ebn 15:00.<\/p>\n<p>Nuk m\u00eb kan\u00eb treguar asgj\u00eb se p\u00ebr \u00e7far\u00eb e donin arm\u00ebn, as un\u00eb si kam pyetur. Nuk kam qen\u00eb i sigurt q\u00eb ka qen\u00eb arma ime 100%, n\u00ebse do t\u00eb isha i sigurt\u00eb do e kisha raportuar. Arm\u00ebn ka rreth 5-6 vite q\u00eb e kisha n\u00eb posedim.<\/p>\n<p>E kam bler\u00eb n\u00eb Gjakov\u00eb nga disa persona nga Shqip\u00ebria, por nuk i njoh. Nuk e kam dit\u00eb se \u00e7far\u00eb ka ndodhur me at\u00eb arm\u00eb, se po ta dija q\u00eb \u00ebsht\u00eb p\u00ebrdorur do e kisha raportuar. Gjith\u00e7ka e kam marr\u00eb vesh nga mediat, nuk isha i sigurt\u00eb 100%\u201d, ka th\u00ebn\u00eb Dodaj.<\/p>\n","protected":false},"excerpt":{"rendered":"<p>I arrestuari i kat\u00ebrt p\u00ebr vrasjen e Liridona Ademajt, Tom Dodaj ka dh\u00ebn\u00eb d\u00ebshmin\u00eb\u00a0 etij para autoriteteve. Ai ka pranuar se i ka shitur arm\u00ebn Naim Murselit, por shton se nuk e kishte iden\u00eb se \u00e7far\u00eb do t\u00eb b\u00ebnin me arm\u00ebn. Ai d\u00ebshmon \u00a0se kan\u00eb shkuar tek ai pas iiu sihet prishur goma e makin\u00ebs. [&hellip;]<\/p>\n","protected":false},"author":5,"featured_media":68513,"comment_status":"closed","ping_status":"closed","sticky":false,"template":"","format":"standard","meta":{"footnotes":""},"categories":[1,27451,6332],"tags":[29121,29120],"class_list":{"0":"post-70773","1":"post","2":"type-post","3":"status-publish","4":"format-standard","5":"has-post-thumbnail","7":"category-aktualitet","8":"category-kosova","9":"category-te-fundit","10":"tag-rrefehet-i-arrestuari-i-4-armen-e-provuan","11":"tag-vrasja-e-liridones-i-shiti-armen-naim-murselit"},"_links":{"self":[{"href":"https:\/\/jugulajm.net\/index.php?rest_route=\/wp\/v2\/posts\/70773","targetHints":{"allow":["GET"]}}],"collection":[{"href":"https:\/\/jugulajm.net\/index.php?rest_route=\/wp\/v2\/posts"}],"about":[{"href":"https:\/\/jugulajm.net\/index.php?rest_route=\/wp\/v2\/types\/post"}],"author":[{"embeddable":true,"href":"https:\/\/jugulajm.net\/index.php?rest_route=\/wp\/v2\/users\/5"}],"replies":[{"embeddable":true,"href":"https:\/\/jugulajm.net\/index.php?rest_route=%2Fwp%2Fv2%2Fcomments&post=70773"}],"version-history":[{"count":0,"href":"https:\/\/jugulajm.net\/index.php?rest_route=\/wp\/v2\/posts\/70773\/revisions"}],"wp:featuredmedia":[{"embeddable":true,"href":"https:\/\/jugulajm.net\/index.php?rest_route=\/wp\/v2\/media\/68513"}],"wp:attachment":[{"href":"https:\/\/jugulajm.net\/index.php?rest_route=%2Fwp%2Fv2%2Fmedia&parent=70773"}],"wp:term":[{"taxonomy":"category","embeddable":true,"href":"https:\/\/jugulajm.net\/index.php?rest_route=%2Fwp%2Fv2%2Fcategories&post=70773"},{"taxonomy":"post_tag","embeddable":true,"href":"https:\/\/jugulajm.net\/index.php?rest_route=%2Fwp%2Fv2%2Ftags&post=70773"}],"curies":[{"name":"wp","href":"https:\/\/api.w.org\/{rel}","templated":true}]}}