{"id":70751,"date":"2024-01-27T22:03:24","date_gmt":"2024-01-27T21:03:24","guid":{"rendered":"https:\/\/jugulajm.net\/?p=70751"},"modified":"2024-01-27T22:03:24","modified_gmt":"2024-01-27T21:03:24","slug":"emri-foto-gjyqtarja-kellici-akuzon-prokurorin-se-e-ka-kercenuar-ja-cili","status":"publish","type":"post","link":"https:\/\/jugulajm.net\/?p=70751","title":{"rendered":"EMRI-FOTO\/ Gjyqtarja K\u00eblli\u00e7i akuzon prokurorin se e ka k\u00ebrc\u00ebnuar, ja cili&#8230;"},"content":{"rendered":"<p>Gjyqtarja Arnisa K\u00eblli\u00e7i ka depozituar n\u00eb Prokurori nj\u00eb kall\u00ebzim, ku deklaron se \u00ebsht\u00eb k\u00ebrc\u00ebnuar.<\/p>\n<p>N\u00eb shkres\u00ebn e zbardhur, gjyqtarja shkruan se \u00ebsht\u00eb k\u00ebrc\u00ebnuar n\u00eb m\u00ebnyr\u00eb indirekte nga prokurori Adrian Dyrmishi, pran\u00eb Gjykat\u00ebs s\u00eb Shkall\u00ebs s\u00eb Par\u00eb Tiran\u00eb.<\/p>\n<p>Sipas saj, ka marr\u00eb dy k\u00ebrc\u00ebnime, ku nj\u00ebri prej tyre thot\u00eb se dyshon q\u00eb ka ardhur nga Prokurori Dyrmishi.<\/p>\n<p><img decoding=\"async\" src=\"https:\/\/cdnimpuls.com\/politiko.al\/media3\/-640-0-65b55efc2acf9.jpeg\" alt=\"Kall\u00ebzimi\/ Gjyqtarja K\u00eblli\u00e7i akuzon prokurorin se e ka\" width=\"100%\" data-size=\"x\" data-id=\"261670\" \/><\/p>\n","protected":false},"excerpt":{"rendered":"<p>Gjyqtarja Arnisa K\u00eblli\u00e7i ka depozituar n\u00eb Prokurori nj\u00eb kall\u00ebzim, ku deklaron se \u00ebsht\u00eb k\u00ebrc\u00ebnuar. N\u00eb shkres\u00ebn e zbardhur, gjyqtarja shkruan se \u00ebsht\u00eb k\u00ebrc\u00ebnuar n\u00eb m\u00ebnyr\u00eb indirekte nga prokurori Adrian Dyrmishi, pran\u00eb Gjykat\u00ebs s\u00eb Shkall\u00ebs s\u00eb Par\u00eb Tiran\u00eb. Sipas saj, ka marr\u00eb dy k\u00ebrc\u00ebnime, ku nj\u00ebri prej tyre thot\u00eb se dyshon q\u00eb ka ardhur nga Prokurori [&hellip;]<\/p>\n","protected":false},"author":5,"featured_media":70460,"comment_status":"closed","ping_status":"closed","sticky":false,"template":"","format":"standard","meta":{"footnotes":""},"categories":[1,6332],"tags":[29110,27355],"class_list":{"0":"post-70751","1":"post","2":"type-post","3":"status-publish","4":"format-standard","5":"has-post-thumbnail","7":"category-aktualitet","8":"category-te-fundit","9":"tag-emri-foto-gjyqtarja-kellici-akuzon-prokurorin-se-e-ka-kercenuar","10":"tag-ja-cili"},"_links":{"self":[{"href":"https:\/\/jugulajm.net\/index.php?rest_route=\/wp\/v2\/posts\/70751","targetHints":{"allow":["GET"]}}],"collection":[{"href":"https:\/\/jugulajm.net\/index.php?rest_route=\/wp\/v2\/posts"}],"about":[{"href":"https:\/\/jugulajm.net\/index.php?rest_route=\/wp\/v2\/types\/post"}],"author":[{"embeddable":true,"href":"https:\/\/jugulajm.net\/index.php?rest_route=\/wp\/v2\/users\/5"}],"replies":[{"embeddable":true,"href":"https:\/\/jugulajm.net\/index.php?rest_route=%2Fwp%2Fv2%2Fcomments&post=70751"}],"version-history":[{"count":0,"href":"https:\/\/jugulajm.net\/index.php?rest_route=\/wp\/v2\/posts\/70751\/revisions"}],"wp:featuredmedia":[{"embeddable":true,"href":"https:\/\/jugulajm.net\/index.php?rest_route=\/wp\/v2\/media\/70460"}],"wp:attachment":[{"href":"https:\/\/jugulajm.net\/index.php?rest_route=%2Fwp%2Fv2%2Fmedia&parent=70751"}],"wp:term":[{"taxonomy":"category","embeddable":true,"href":"https:\/\/jugulajm.net\/index.php?rest_route=%2Fwp%2Fv2%2Fcategories&post=70751"},{"taxonomy":"post_tag","embeddable":true,"href":"https:\/\/jugulajm.net\/index.php?rest_route=%2Fwp%2Fv2%2Ftags&post=70751"}],"curies":[{"name":"wp","href":"https:\/\/api.w.org\/{rel}","templated":true}]}}