{"id":70660,"date":"2024-01-25T13:12:30","date_gmt":"2024-01-25T12:12:30","guid":{"rendered":"https:\/\/jugulajm.net\/?p=70660"},"modified":"2024-01-25T13:12:30","modified_gmt":"2024-01-25T12:12:30","slug":"gjkko-jep-vendimin-per-kryebashkiakun-socialist-ja-se-sa","status":"publish","type":"post","link":"https:\/\/jugulajm.net\/?p=70660","title":{"rendered":"GJKKO jep vendimin p\u00ebr kryebashkiakun socialist, ja se sa&#8230;"},"content":{"rendered":"<p>Gjykata e Posa\u00e7me d\u00ebnoi kryebashkiakun e Ku\u00e7ov\u00ebs, Kreshnik Hajdarin me 9 muaj burg, q\u00eb i konvertohet me 150 or\u00eb pun\u00eb n\u00eb komunitet.<\/p>\n<p>&#8220;Nuk i ik\u00ebn e drejta p\u00ebr t\u00eb ushtruar detyr\u00ebn si kryebashkiak&#8221;, u shpreh avokati i Hajdarit,\u00a0Theodhori Sollaku pas dh\u00ebnies s\u00eb vendimit nga GJKKO.<\/p>\n<p>Hajdari k\u00ebrkoi gjykim t\u00eb shkurtuar n\u00eb 10 janar kur Gjykata e Posa\u00e7me vendosi t\u00eb kaloj\u00eb p\u00ebr gjykim dosjen ndaj tij.\u00a0Prokuroria e Posa\u00e7me e akuzoi Hajdarin p\u00ebr falsifikim\u00a0t\u00eb formular\u00ebve.<\/p>\n<p>Sipas SPAK-ut, Hajdari nuk ka deklaruar n\u00eb formular d\u00ebnimin e tij t\u00eb marr\u00eb n\u00eb Greqi p\u00ebr kalim t\u00eb jasht\u00ebligjsh\u00ebm t\u00eb kufirit n\u00eb vitin 1999.<\/p>\n<p>M\u00eb 15 n\u00ebntor t\u00eb vitit t\u00eb kaluar\u00a0Hajdari u mor i pandehur nga Prokuroria e Posa\u00e7me. M\u00eb 14 n\u00ebntor t\u00eb 2023, Hajdari i shp\u00ebtoi heqjes s\u00eb mandatit n\u00eb Komisionin Qendror t\u00eb Zgjedhjeve.<\/p>\n<p>Kreu i KQZ-s\u00eb, Ilirjan Celibashi, u shpreh se nuk ka nj\u00eb shkak ligjor q\u00eb t&#8217;i nd\u00ebrpritet mandati Hajdarit, edhe pse nuk deklaroi n\u00eb formularin e dekriminalizimit, d\u00ebnimin n\u00eb Greqi.<\/p>\n<p>N\u00eb fillim t\u00eb muajit n\u00ebntor t\u00eb 2023, drejt\u00ebsia\u00a0greke\u00a0i p\u00ebrcolli Ministris\u00eb shqiptare t\u00eb Drejt\u00ebsis\u00eb, nj\u00eb vendim q\u00eb faktonte se kryebashkiaku i Ku\u00e7ov\u00ebs, Kreshnik Hajdari, \u00ebsht\u00eb d\u00ebnuar nga gjykata e Janin\u00ebs, nd\u00ebrkoh\u00eb q\u00eb n\u00eb formularin e vet\u00ebdeklarimit ka th\u00ebn\u00eb se nuk \u00ebsht\u00eb i d\u00ebnuar.<\/p>\n<p>Gjykata n\u00eb Janin\u00eb e ka gjetur fajtor Hajdarin p\u00ebr hyrje n\u00eb territorin grek n\u00eb m\u00ebnyr\u00eb t\u00eb paligjshme dhe e ka d\u00ebnuar n\u00eb 23 qershor t\u00eb vitit 1999 me \u201cmas\u00eb riedukuese t\u00eb qortimit\u201d.<\/p>\n","protected":false},"excerpt":{"rendered":"<p>Gjykata e Posa\u00e7me d\u00ebnoi kryebashkiakun e Ku\u00e7ov\u00ebs, Kreshnik Hajdarin me 9 muaj burg, q\u00eb i konvertohet me 150 or\u00eb pun\u00eb n\u00eb komunitet. &#8220;Nuk i ik\u00ebn e drejta p\u00ebr t\u00eb ushtruar detyr\u00ebn si kryebashkiak&#8221;, u shpreh avokati i Hajdarit,\u00a0Theodhori Sollaku pas dh\u00ebnies s\u00eb vendimit nga GJKKO. Hajdari k\u00ebrkoi gjykim t\u00eb shkurtuar n\u00eb 10 janar kur Gjykata [&hellip;]<\/p>\n","protected":false},"author":5,"featured_media":61282,"comment_status":"closed","ping_status":"closed","sticky":false,"template":"","format":"standard","meta":{"footnotes":""},"categories":[1,6332],"tags":[29065,20795],"class_list":{"0":"post-70660","1":"post","2":"type-post","3":"status-publish","4":"format-standard","5":"has-post-thumbnail","7":"category-aktualitet","8":"category-te-fundit","9":"tag-gjkko-jep-vendimin-per-kryebashkiakun-socialist","10":"tag-ja-se-sa"},"_links":{"self":[{"href":"https:\/\/jugulajm.net\/index.php?rest_route=\/wp\/v2\/posts\/70660","targetHints":{"allow":["GET"]}}],"collection":[{"href":"https:\/\/jugulajm.net\/index.php?rest_route=\/wp\/v2\/posts"}],"about":[{"href":"https:\/\/jugulajm.net\/index.php?rest_route=\/wp\/v2\/types\/post"}],"author":[{"embeddable":true,"href":"https:\/\/jugulajm.net\/index.php?rest_route=\/wp\/v2\/users\/5"}],"replies":[{"embeddable":true,"href":"https:\/\/jugulajm.net\/index.php?rest_route=%2Fwp%2Fv2%2Fcomments&post=70660"}],"version-history":[{"count":0,"href":"https:\/\/jugulajm.net\/index.php?rest_route=\/wp\/v2\/posts\/70660\/revisions"}],"wp:featuredmedia":[{"embeddable":true,"href":"https:\/\/jugulajm.net\/index.php?rest_route=\/wp\/v2\/media\/61282"}],"wp:attachment":[{"href":"https:\/\/jugulajm.net\/index.php?rest_route=%2Fwp%2Fv2%2Fmedia&parent=70660"}],"wp:term":[{"taxonomy":"category","embeddable":true,"href":"https:\/\/jugulajm.net\/index.php?rest_route=%2Fwp%2Fv2%2Fcategories&post=70660"},{"taxonomy":"post_tag","embeddable":true,"href":"https:\/\/jugulajm.net\/index.php?rest_route=%2Fwp%2Fv2%2Ftags&post=70660"}],"curies":[{"name":"wp","href":"https:\/\/api.w.org\/{rel}","templated":true}]}}