{"id":70628,"date":"2024-01-24T18:46:23","date_gmt":"2024-01-24T17:46:23","guid":{"rendered":"https:\/\/jugulajm.net\/?p=70628"},"modified":"2024-01-24T18:47:16","modified_gmt":"2024-01-24T17:47:16","slug":"vrasja-e-liridones-naim-murseli-rrefehet-ne-prokurori-ja-se-cfare-deshmoi","status":"publish","type":"post","link":"https:\/\/jugulajm.net\/?p=70628","title":{"rendered":"Vrasja e Liridon\u00ebs\/ Naim Murseli rr\u00ebfehet n\u00eb Prokurori, ja se \u00e7far\u00eb d\u00ebshmoi&#8230;"},"content":{"rendered":"<p>Naim Murseli, i cili dyshohet p\u00ebr porositjen e vrasjes s\u00eb gruas s\u00eb tij, Liridon\u00ebs Ademajt, \u00ebsht\u00eb paraqitur para Prokuroris\u00eb Themelore n\u00eb Prishtin\u00eb, ku \u00ebsht\u00eb p\u00ebrcjell\u00eb n\u00ebn masa t\u00eb rrepta sigurie.<\/p>\n<p>Lajmin p\u00ebr T7 e ka konfirmuar avokatja e Murselit, Teuta Zhinipotoku.<\/p>\n<p>Ajo ka th\u00ebn\u00eb se Murseli e ka rr\u00ebfyer versionin e vet\u00eb t\u00eb mbrojtjes dhe se \u201c mbrojtja e tij lidhur me ngjarjen \u00ebsht\u00eb t\u00ebr\u00ebsisht ndryshe nga ajo q\u00eb \u00ebsht\u00eb publikuar n\u00eb rrjetet e informimit dhe ato sociale\u201d.<\/p>\n<p>\u201cSot para Prokuroris\u00eb Themelore \u2013 Departamenti p\u00ebr Krime t\u00eb R\u00ebnda, n\u00eb cil\u00ebsin\u00eb e t\u00eb pandehurit \u00ebsht\u00eb nd\u00ebgjuar i pandehuri Naim Murseli, dyshimi i bazuar \u00ebsht\u00eb i orientuar n\u00eb drejtim t\u00eb vepr\u00ebs penale Vrasje e Rend\u00eb n\u00eb bashk\u00ebkryerje nga neni 173 par 1.3 dhe 1.4 lidhur me nenin 31 te KPRK-s\u00eb.<\/p>\n<p>I pandehuri ka rr\u00ebfyer versionin e vet t\u00eb mbrojtjes dhe mbrojtja e tij lidhur me ngjarjen \u00ebsht\u00eb t\u00ebr\u00ebsisht ndryshe nga ajo q\u00eb \u00ebsht\u00eb publikuar n\u00eb rrjetet e informimit dhe ato sociale.<\/p>\n<p>Me qen\u00eb se sot \u00ebsht\u00eb nd\u00ebrpre deklarimi i t\u00eb pandehurit p\u00ebr shkak t\u00eb mbarimit t\u00eb orarit dhe deklarimi nuk ka arritur t\u00eb p\u00ebrfundoj\u00eb, \u00ebsht\u00eb caktuar nj\u00eb dat\u00eb tjet\u00ebr p\u00ebr vazhdimin e marrjes n\u00eb pyetje t\u00eb t\u00eb pandehurit\u201d, ka th\u00ebn\u00eb Zhinipotoku.<\/p>\n<p>Nga Prokuroria Themelore e Prishtin\u00ebs kan\u00eb th\u00ebn\u00eb para nj\u00eb jave se p\u00ebr k\u00ebt\u00eb rast jan\u00eb duke u zhvilluar hetime intensive.<\/p>\n<p>N\u00eb k\u00ebt\u00eb faz\u00eb, deklarojn\u00eb se s\u2019mund t\u00eb ofrojn\u00eb informacione tjera p\u00ebr t\u00eb ruajtur integritetin e hetimeve.<\/p>\n<p><img loading=\"lazy\" loading=\"lazy\" decoding=\"async\" class=\"alignnone wp-image-246860\" src=\"https:\/\/zoom.al\/wp-content\/uploads\/2024\/01\/nimi-300x195.png\" sizes=\"auto, (max-width: 592px) 100vw, 592px\" srcset=\"https:\/\/zoom.al\/wp-content\/uploads\/2024\/01\/nimi-300x195.png 300w, https:\/\/zoom.al\/wp-content\/uploads\/2024\/01\/nimi.png 640w\" alt=\"\" width=\"592\" height=\"385\" data-pin-no-hover=\"true\" \/><\/p>\n<p>\u201cReferuar pyetjeve tuaja, ju njoftojm\u00eb se ndaj rastit n\u00eb fjal\u00eb jan\u00eb duke u zhvilluar hetime intensive, andaj n\u00eb k\u00ebt\u00eb faz\u00eb nuk mund t\u00eb japim informata t\u00eb tjera p\u00ebr shkak t\u00eb ruajtjes s\u00eb integritetit t\u00eb procesit hetimor\u201d, thuhet n\u00eb p\u00ebrgjigjen e Laureta Ulajt, z\u00ebdh\u00ebn\u00ebses s\u00eb Prokuroris\u00eb.<\/p>\n<p>30-vje\u00e7arja me shtet\u00ebsi suedeze u vra mbr\u00ebmjen e 29 n\u00ebntorit, n\u00eb fshatin B\u00ebrrnic\u00eb t\u00eb Komun\u00ebs s\u00eb Prishtin\u00ebs.<\/p>\n<p>P\u00ebr vrasjen e saj jan\u00eb arrestuar tre persona, e cila sipas dosjeve t\u00eb hetuesis\u00eb dhe prokuroris\u00eb, dyshohet se ishte inskenuar. Vrasja e saj dyshohet se u porosit nga bashk\u00ebshorti i saj, Naim Murseli, me t\u00eb cilin Liridona kishte dy f\u00ebmij\u00eb.<\/p>\n<p>Vrasjen dyshohet se e ka kryer Granit Plava, pasi Murseli ia kishte premtuar 30 mij\u00eb euro. I dyshuar \u00ebsht\u00eb edhe nipi i Murselit, Kushtrim Kokalla, q\u00eb ishte pjes\u00ebtar i FSK\u2019s\u00eb. Sipas raportimeve, ai ia kishte gjetur dorasin Murselit.<\/p>\n<p>T\u00eb tre k\u00ebta jan\u00eb arrestuar dit\u00ebn kur u varros Liridona, sakt\u00ebsisht disa or\u00eb pas ceremonis\u00eb s\u00eb varrimit.<\/p>\n<p>Sipas njoftimit t\u00eb Gjykat\u00ebs Themelore t\u00eb Prishtin\u00ebs, Murseli dyshohet se vepr\u00ebn penale \u201cVrasje e r\u00ebnd\u00eb n\u00eb bashk\u00ebkryerje\u201d, Plava p\u00ebr vepr\u00ebn penale \u201cVrasje e r\u00ebnd\u00eb\u201d dhe vep\u00ebn penale \u201cMbajtja n\u00eb pron\u00ebsi, kontroll ose posedim t\u00eb paautorizuar t\u00eb arm\u00ebve\u201d, derisa Kokalla p\u00ebr shkak t\u00eb vepr\u00ebs penale \u201cMarr\u00ebveshja p\u00ebr t\u00eb kryer vepr\u00ebn penale Vrasje e r\u00ebnd\u00eb\u201d.<\/p>\n<p>\u201cEkziston dyshimi i bazuar se i pandehuri N.M me dashje q\u00eb ta privoj\u00eb nga jeta n\u00eb m\u00ebnyr\u00eb dinake bashk\u00ebshorten e tij, ishte marr\u00eb vesh me t\u00eb pandehurin G.P p\u00ebr ta vrar\u00eb tani t\u00eb ndjer\u00ebn L.M, ku paraprakisht i pandehuri N.M e kishte pajisur me arm\u00eb t\u00eb pandehurin G.P dhe kishin inskenuar vepr\u00ebn penale t\u00eb Grabitjes, e cila \u00ebsht\u00eb realizuar me dat\u00eb 29.11.2023 rreth or\u00ebs 20:25 minuta , n\u00eb fshatin Bernic\u00eb, Komuna e Prishtin\u00ebs, n\u00eb at\u00eb m\u00ebnyr\u00eb q\u00eb derisa i pandehuri N.M ishte, duke l\u00ebvizur me vetur\u00ebn e tij, n\u00eb t\u00eb cil\u00ebn kan\u00eb qen\u00eb e ndjera L.M dhe dy f\u00ebmij\u00ebt e tyre, papritmas ka dal\u00eb para vetur\u00ebs i pandehuri G.P me mask\u00eb n\u00eb kok\u00eb dhe revole n\u00eb dor\u00eb, ku sipas marr\u00ebveshjes paraprake i pandehuri N.M me f\u00ebmij\u00ebt kishin dal\u00eb nga vetura dhe ishte larguar nga vendi I ngjarjes kinse p\u00ebr t\u00eb ikur, nd\u00ebrsa n\u00eb vetur\u00eb kishte mbetur tani e ndjera, t\u00eb cil\u00ebn i pandehuri G.P e kishte q\u00eblluar nga af\u00ebrsia me nj\u00eb plumb n\u00eb qaf\u00eb dhe si pasoj\u00eb e plag\u00ebs vdekjeprur\u00ebse, e ndjera L.M kishte nd\u00ebrruar jet\u00eb n\u00eb vendin e ngjarjes, nd\u00ebrsa p\u00ebr k\u00ebto veprime i pandehuri N.M, paraprakisht i kishte premtuar t\u00eb pandehurit G.P shum\u00ebn e t\u00eb hollave prej 30,000.00 \u20ac\u201d, thuhej n\u00eb njoftimin e Gjykat\u00ebs.<\/p>\n<p>Nd\u00ebrkoh\u00eb, m\u00eb 9 dhjetor \u00ebsht\u00eb arrestuar edhe nj\u00eb person tjet\u00ebr p\u00ebr k\u00ebt\u00eb rast. I dyshuari i kat\u00ebrt \u00ebsht\u00eb T.D., nga Novosella e Gjakov\u00ebs. Ai dyshohet se ia kishte shitur arm\u00ebn dorasit. Motivi i vrasjes ende nuk dihet.<\/p>\n<p><img loading=\"lazy\" loading=\"lazy\" decoding=\"async\" class=\"alignnone wp-image-246861\" src=\"https:\/\/zoom.al\/wp-content\/uploads\/2024\/01\/cifti-3.jpg\" alt=\"\" width=\"534\" height=\"302\" data-pin-no-hover=\"true\" \/><\/p>\n<p>Drejtori i Policis\u00eb s\u00eb Kosov\u00ebs, Gazmend Hoxha, ka deklaruar para disa jav\u00ebsh se po hetohen disa pista, por ende nuk mund t\u00eb b\u00ebhen publike derisa t\u00eb ket\u00eb nj\u00eb p\u00ebrfundim t\u00eb qart\u00eb mbi motivin e vrasjes.<\/p>\n<p>\u201cProcesi hetimor vazhdon n\u00eb disa faza. Policia n\u00eb k\u00ebt\u00eb rast \u00ebsht\u00eb treguar shum\u00eb efikase dhe profesionale. N\u00eb afat rekord ka sqaruar vrasjen dhe ka arritur t\u00eb arrestoj\u00eb personat e p\u00ebrfshir\u00eb n\u00eb k\u00ebt\u00eb rast. Mbetet t\u00eb zbulohet p\u00ebr motivin e k\u00ebsaj vrasjeje. Jemi duke hetuar disa pista, por s\u2019mund t\u00eb b\u00ebj publike asgj\u00eb, derisa t\u00eb kemi t\u00eb kemi t\u00eb qart\u00eb motivin\u201d, ka th\u00ebn\u00eb Hoxha n\u00eb Frontal t\u00eb T7.<\/p>\n<p>Ai kishte th\u00ebn\u00eb se p\u00ebr rastin mund t\u00eb ket\u00eb edhe arrestime tjera.<\/p>\n<p>\u201cNuk kan\u00eb p\u00ebrfunduar arrestimet, kjo varet nga zhvillimet tjera q\u00eb mund t\u00eb dalin. S\u2019mund t\u00eb paragjykoj n\u00ebse do t\u00eb ket\u00eb apo s\u2019do t\u00eb ket\u00eb. Mir\u00ebpo kjo nuk \u00ebsht\u00eb e t\u00ebra edhe pse \u00ebsht\u00eb sqaruar pothuajse e gjitha\u201d, ka th\u00ebn\u00eb Hoxha.<\/p>\n<p>I pyetur n\u00ebse \u00ebsht\u00eb kapur nga kamerat e siguris\u00eb momenti i vrasjes s\u00eb Liridon\u00ebs, Hoxha kishte th\u00ebn\u00eb se n\u00eb vendin ku ka ndodhur krimi nuk ka kamera.<\/p>\n<p>\u201cMomenti i vrasjes s\u2019\u00ebsht\u00eb i fokusuar. Ka qen\u00eb nj\u00eb zon\u00eb q\u00eb s\u2019\u00ebsht\u00eb kapur nga kamerat\u201d, ka th\u00ebn\u00eb tutje ai.<\/p>\n","protected":false},"excerpt":{"rendered":"<p>Naim Murseli, i cili dyshohet p\u00ebr porositjen e vrasjes s\u00eb gruas s\u00eb tij, Liridon\u00ebs Ademajt, \u00ebsht\u00eb paraqitur para Prokuroris\u00eb Themelore n\u00eb Prishtin\u00eb, ku \u00ebsht\u00eb p\u00ebrcjell\u00eb n\u00ebn masa t\u00eb rrepta sigurie. Lajmin p\u00ebr T7 e ka konfirmuar avokatja e Murselit, Teuta Zhinipotoku. Ajo ka th\u00ebn\u00eb se Murseli e ka rr\u00ebfyer versionin e vet\u00eb t\u00eb mbrojtjes dhe [&hellip;]<\/p>\n","protected":false},"author":5,"featured_media":68513,"comment_status":"closed","ping_status":"closed","sticky":false,"template":"","format":"standard","meta":{"footnotes":""},"categories":[1,27451,6332],"tags":[29050,29049],"class_list":{"0":"post-70628","1":"post","2":"type-post","3":"status-publish","4":"format-standard","5":"has-post-thumbnail","7":"category-aktualitet","8":"category-kosova","9":"category-te-fundit","10":"tag-ja-se-cfare-deshmoi","11":"tag-vrasja-e-liridones-naim-murseli-rrefehet-ne-prokurori"},"_links":{"self":[{"href":"https:\/\/jugulajm.net\/index.php?rest_route=\/wp\/v2\/posts\/70628","targetHints":{"allow":["GET"]}}],"collection":[{"href":"https:\/\/jugulajm.net\/index.php?rest_route=\/wp\/v2\/posts"}],"about":[{"href":"https:\/\/jugulajm.net\/index.php?rest_route=\/wp\/v2\/types\/post"}],"author":[{"embeddable":true,"href":"https:\/\/jugulajm.net\/index.php?rest_route=\/wp\/v2\/users\/5"}],"replies":[{"embeddable":true,"href":"https:\/\/jugulajm.net\/index.php?rest_route=%2Fwp%2Fv2%2Fcomments&post=70628"}],"version-history":[{"count":0,"href":"https:\/\/jugulajm.net\/index.php?rest_route=\/wp\/v2\/posts\/70628\/revisions"}],"wp:featuredmedia":[{"embeddable":true,"href":"https:\/\/jugulajm.net\/index.php?rest_route=\/wp\/v2\/media\/68513"}],"wp:attachment":[{"href":"https:\/\/jugulajm.net\/index.php?rest_route=%2Fwp%2Fv2%2Fmedia&parent=70628"}],"wp:term":[{"taxonomy":"category","embeddable":true,"href":"https:\/\/jugulajm.net\/index.php?rest_route=%2Fwp%2Fv2%2Fcategories&post=70628"},{"taxonomy":"post_tag","embeddable":true,"href":"https:\/\/jugulajm.net\/index.php?rest_route=%2Fwp%2Fv2%2Ftags&post=70628"}],"curies":[{"name":"wp","href":"https:\/\/api.w.org\/{rel}","templated":true}]}}