{"id":70605,"date":"2024-01-24T10:47:40","date_gmt":"2024-01-24T09:47:40","guid":{"rendered":"https:\/\/jugulajm.net\/?p=70605"},"modified":"2024-01-24T10:47:40","modified_gmt":"2024-01-24T09:47:40","slug":"greqi-zhduket-shqiptarja-33-vjecare-familjaret-thone-se","status":"publish","type":"post","link":"https:\/\/jugulajm.net\/?p=70605","title":{"rendered":"Greqi, zhduket shqiptarja 33-vje\u00e7are, familjar\u00ebt thon\u00eb se&#8230;"},"content":{"rendered":"<p>Nj\u00eb 33 vje\u00e7are shqiptare \u00ebsht\u00eb zhdukur n\u00eb rrethana t\u00eb paqarta, q\u00eb prej dat\u00ebs 17 janar n\u00eb Greqi.<\/p>\n<p><a href=\"https:\/\/www.neakriti.gr\/kriti\/2037944_agonia-gia-tin-exafanisi-33hronis-sto-irakleio-meta-apo-episkepsi-sto-pagni-kleisto\" target=\"_blank\" rel=\"external noopener noreferrer\" data-wpel-link=\"external\">Para nj\u00eb jave<\/a>, shqiptarja deklaroi se do t\u00eb shkonte n\u00eb Pagani p\u00ebr t\u00eb mjekuar nj\u00eb plag\u00eb n\u00eb k\u00ebmb\u00ebn e saj q\u00eb k\u00ebrkonte nd\u00ebrrim garz\u00eb.<\/p>\n<p>E reja ka ikur nga sht\u00ebpia q\u00eb m\u00eb 17 Janar, pavar\u00ebsisht se dyshohet se kishte telefonuar familjen e saj m\u00eb 21 janar dhe tha se do t\u00eb kthehej at\u00eb mbr\u00ebmje.<\/p>\n<p>Por nj\u00eb gj\u00eb t\u00eb till\u00eb nuk e ka b\u00ebr\u00eb deri dje m\u00eb 23 janar dhe m\u00eb pas babai ka denoncuar t\u00eb bij\u00ebn e zhdukur.<\/p>\n<p>33-vje\u00e7arja duket se nuk e ka b\u00ebr\u00eb asnj\u00ebher\u00eb m\u00eb par\u00eb k\u00ebt\u00eb gj\u00eb dhe kjo gj\u00eb ka shqet\u00ebsuar familjar\u00ebt e saj, pasi pas telefonat\u00ebs s\u00eb fundit celulari i saj mbetet i fikur.<\/p>\n<p>Sipas informacioneve ajo ka lindur n\u00eb Shqip\u00ebri, quhet Emmanuela B., por ka nj\u00eb kart\u00eb identiteti greke.<\/p>\n<p>Zhdukja e saj u denoncua n\u00eb Drejtorin\u00eb e Siguris\u00eb Heraklion.<\/p>\n","protected":false},"excerpt":{"rendered":"<p>Nj\u00eb 33 vje\u00e7are shqiptare \u00ebsht\u00eb zhdukur n\u00eb rrethana t\u00eb paqarta, q\u00eb prej dat\u00ebs 17 janar n\u00eb Greqi. Para nj\u00eb jave, shqiptarja deklaroi se do t\u00eb shkonte n\u00eb Pagani p\u00ebr t\u00eb mjekuar nj\u00eb plag\u00eb n\u00eb k\u00ebmb\u00ebn e saj q\u00eb k\u00ebrkonte nd\u00ebrrim garz\u00eb. E reja ka ikur nga sht\u00ebpia q\u00eb m\u00eb 17 Janar, pavar\u00ebsisht se dyshohet se [&hellip;]<\/p>\n","protected":false},"author":5,"featured_media":52760,"comment_status":"closed","ping_status":"closed","sticky":false,"template":"","format":"standard","meta":{"footnotes":""},"categories":[1,6332],"tags":[29032,26537,29031],"class_list":{"0":"post-70605","1":"post","2":"type-post","3":"status-publish","4":"format-standard","5":"has-post-thumbnail","7":"category-aktualitet","8":"category-te-fundit","9":"tag-familjaret-thone-se","10":"tag-greqi","11":"tag-zhduket-shqiptarja-33-vjecare"},"_links":{"self":[{"href":"https:\/\/jugulajm.net\/index.php?rest_route=\/wp\/v2\/posts\/70605","targetHints":{"allow":["GET"]}}],"collection":[{"href":"https:\/\/jugulajm.net\/index.php?rest_route=\/wp\/v2\/posts"}],"about":[{"href":"https:\/\/jugulajm.net\/index.php?rest_route=\/wp\/v2\/types\/post"}],"author":[{"embeddable":true,"href":"https:\/\/jugulajm.net\/index.php?rest_route=\/wp\/v2\/users\/5"}],"replies":[{"embeddable":true,"href":"https:\/\/jugulajm.net\/index.php?rest_route=%2Fwp%2Fv2%2Fcomments&post=70605"}],"version-history":[{"count":0,"href":"https:\/\/jugulajm.net\/index.php?rest_route=\/wp\/v2\/posts\/70605\/revisions"}],"wp:featuredmedia":[{"embeddable":true,"href":"https:\/\/jugulajm.net\/index.php?rest_route=\/wp\/v2\/media\/52760"}],"wp:attachment":[{"href":"https:\/\/jugulajm.net\/index.php?rest_route=%2Fwp%2Fv2%2Fmedia&parent=70605"}],"wp:term":[{"taxonomy":"category","embeddable":true,"href":"https:\/\/jugulajm.net\/index.php?rest_route=%2Fwp%2Fv2%2Fcategories&post=70605"},{"taxonomy":"post_tag","embeddable":true,"href":"https:\/\/jugulajm.net\/index.php?rest_route=%2Fwp%2Fv2%2Ftags&post=70605"}],"curies":[{"name":"wp","href":"https:\/\/api.w.org\/{rel}","templated":true}]}}