{"id":70574,"date":"2024-01-23T17:22:35","date_gmt":"2024-01-23T16:22:35","guid":{"rendered":"https:\/\/jugulajm.net\/?p=70574"},"modified":"2024-01-23T17:24:04","modified_gmt":"2024-01-23T16:24:04","slug":"emra-fotot-arrestohen-burre-e-grua-akuzohen-per-shitje-droge","status":"publish","type":"post","link":"https:\/\/jugulajm.net\/?p=70574","title":{"rendered":"EMRAT-FOTOT\/ Arrestohen burr\u00eb e grua, akuzohen p\u00ebr shitje droge"},"content":{"rendered":"<p>Florand Karemani dhe Mamica Korteshi jan\u00eb \u00e7ifti i bashk\u00ebshort\u00ebve q\u00eb jan\u00eb arrestuar n\u00eb zon\u00ebn e Selit\u00ebs n\u00eb Tiran\u00eb n\u00eb kuad\u00ebr t\u00eb operacionit \u201cTempulli 2\u201d p\u00ebr shitje t\u00eb l\u00ebnd\u00ebve narkotike.<\/p>\n<p>Burr\u00eb e grua jetonin n\u00eb katin e kat\u00ebrt t\u00eb nj\u00eb pallati dhe p\u00ebr t\u00eb kryer aktivitetin kriminal bashk\u00ebpunonin me nipin e tyre.<\/p>\n<p>Policia m\u00eb her\u00ebt nuk kishte mundur t\u00eb dokumentonte p\u00ebrfshirjen n\u00eb shitjen e drog\u00ebs p\u00ebr shkak t\u00eb skem\u00ebs q\u00eb ata p\u00ebrdornin.<\/p>\n<p>Apartamenti ruhej dhe survejohej nga kamera sigurie, t\u00eb cilat mbaheshin n\u00eb v\u00ebzhgim dhe sa her\u00eb nd\u00ebrhyhej p\u00ebr kontroll nga policia, \u00e7ifti i shp\u00ebrndar\u00ebsve t\u00eb kokain\u00ebs e asgj\u00ebsonte drog\u00ebn n\u00eb tualet, duke mos l\u00ebn\u00eb asnj\u00eb gjurm\u00eb.<\/p>\n<p>Megjithat\u00eb n\u00eb operacionin e s\u00eb h\u00ebn\u00ebn u arrit t\u00eb kapej sasi e konsiderueshme kokaine, e b\u00ebr\u00eb gati n\u00eb doza p\u00ebr t\u2019u shp\u00ebrndar\u00eb pasi nd\u00ebrhyrja u b\u00eb nga forcat elit\u00eb RENEA, t\u00eb cil\u00ebt vun\u00eb n\u00eb pranga t\u00eb tre, bashk\u00eb me nipin.<\/p>\n<p>Dy bashk\u00ebshort\u00ebt p\u00ebrdornin nipin e tyre, i cili n\u00eb katin e par\u00eb merrte parat\u00eb nga bler\u00ebsit e dozave t\u00eb kokain\u00ebs dhe m\u00eb pas konsumuesi ngjitej n\u00eb kat t\u00eb kat\u00ebrt p\u00ebr t\u00eb marr\u00eb l\u00ebnd\u00ebn narkotike.<\/p>\n","protected":false},"excerpt":{"rendered":"<p>Florand Karemani dhe Mamica Korteshi jan\u00eb \u00e7ifti i bashk\u00ebshort\u00ebve q\u00eb jan\u00eb arrestuar n\u00eb zon\u00ebn e Selit\u00ebs n\u00eb Tiran\u00eb n\u00eb kuad\u00ebr t\u00eb operacionit \u201cTempulli 2\u201d p\u00ebr shitje t\u00eb l\u00ebnd\u00ebve narkotike. Burr\u00eb e grua jetonin n\u00eb katin e kat\u00ebrt t\u00eb nj\u00eb pallati dhe p\u00ebr t\u00eb kryer aktivitetin kriminal bashk\u00ebpunonin me nipin e tyre. Policia m\u00eb her\u00ebt nuk [&hellip;]<\/p>\n","protected":false},"author":5,"featured_media":70575,"comment_status":"closed","ping_status":"closed","sticky":false,"template":"","format":"standard","meta":{"footnotes":""},"categories":[1,6332],"tags":[29020,29019],"class_list":{"0":"post-70574","1":"post","2":"type-post","3":"status-publish","4":"format-standard","5":"has-post-thumbnail","7":"category-aktualitet","8":"category-te-fundit","9":"tag-akuzohen-per-shitje-droge","10":"tag-emra-fotot-arrestohen-burre-e-grua"},"_links":{"self":[{"href":"https:\/\/jugulajm.net\/index.php?rest_route=\/wp\/v2\/posts\/70574","targetHints":{"allow":["GET"]}}],"collection":[{"href":"https:\/\/jugulajm.net\/index.php?rest_route=\/wp\/v2\/posts"}],"about":[{"href":"https:\/\/jugulajm.net\/index.php?rest_route=\/wp\/v2\/types\/post"}],"author":[{"embeddable":true,"href":"https:\/\/jugulajm.net\/index.php?rest_route=\/wp\/v2\/users\/5"}],"replies":[{"embeddable":true,"href":"https:\/\/jugulajm.net\/index.php?rest_route=%2Fwp%2Fv2%2Fcomments&post=70574"}],"version-history":[{"count":0,"href":"https:\/\/jugulajm.net\/index.php?rest_route=\/wp\/v2\/posts\/70574\/revisions"}],"wp:featuredmedia":[{"embeddable":true,"href":"https:\/\/jugulajm.net\/index.php?rest_route=\/wp\/v2\/media\/70575"}],"wp:attachment":[{"href":"https:\/\/jugulajm.net\/index.php?rest_route=%2Fwp%2Fv2%2Fmedia&parent=70574"}],"wp:term":[{"taxonomy":"category","embeddable":true,"href":"https:\/\/jugulajm.net\/index.php?rest_route=%2Fwp%2Fv2%2Fcategories&post=70574"},{"taxonomy":"post_tag","embeddable":true,"href":"https:\/\/jugulajm.net\/index.php?rest_route=%2Fwp%2Fv2%2Ftags&post=70574"}],"curies":[{"name":"wp","href":"https:\/\/api.w.org\/{rel}","templated":true}]}}