{"id":70572,"date":"2024-01-23T16:47:17","date_gmt":"2024-01-23T15:47:17","guid":{"rendered":"https:\/\/jugulajm.net\/?p=70572"},"modified":"2024-01-23T16:47:17","modified_gmt":"2024-01-23T15:47:17","slug":"futboll-flet-silvinjo-ne-europian-do-te-tregojme","status":"publish","type":"post","link":"https:\/\/jugulajm.net\/?p=70572","title":{"rendered":"Futboll\/ Flet Silvinjo: N\u00eb Europian do t\u00eb tregojm\u00eb&#8230;"},"content":{"rendered":"<p>Trajneri i Komb\u00ebtares shqiptare, Sylvio Mendes Campos J\u00fanior ka zhvilluar nj\u00eb intervist\u00eb mjaft interesante p\u00ebr median portugeze \u201cZeroZero\u201d duke u rr\u00ebfyer p\u00ebr gjith\u00e7ka, rrug\u00ebtimin e tij me ekipin kuqezi, jeta n\u00eb Tiran\u00eb, puna me stafin dhe lojtar\u00ebt, kushtet e ofruara nga FSHF dhe mendimin e tij p\u00ebr dy futbollist\u00ebt shqiptar\u00eb q\u00eb luajn\u00eb n\u00eb Portugali, Adrian Bajrami dhe Enea Mihaj.<\/p>\n<p>Tekniku i Komb\u00ebtares kuqezi, evidentoi zhvillimin e FSHF-s\u00eb dhe pun\u00ebn e madhe k\u00ebrkimore q\u00eb b\u00ebhet p\u00ebr gjetjen e talenteve t\u00eb reja, nd\u00ebrsa komentoi edhe shanset e Shqip\u00ebris\u00eb n\u00eb Europian. M\u00eb tej, ai tha se Shqip\u00ebria duhet t\u00eb m\u00ebsohet t\u00eb luaj\u00eb n\u00eb kampionatin Europian, nd\u00ebrsa shtoi se n\u00eb t\u00eb ardhmen do t\u00eb synohet edhe kualifikimi n\u00eb Bot\u00ebror.<\/p>\n<p><strong>\u2013 Nj\u00eb vit pasi u zyrtarizua te Shqip\u00ebria, Silvinjo viziton s\u00ebrish \u201czerozero-n\u201d. N\u00eb mes t\u00eb k\u00ebsaj rast\u00ebsie, cili \u00ebsht\u00eb bilanci i pun\u00ebs tuaj si trajner i Shqip\u00ebris\u00eb?<\/strong><\/p>\n<p>\u2013 \u00cbsht\u00eb k\u00ebnaq\u00ebsi t\u00eb jem k\u00ebtu dhe jam befasuar nga kjo rast\u00ebsi. Viti me Shqip\u00ebrin\u00eb ishte shum\u00eb intensiv, p\u00ebrrallor dhe \u00ebsht\u00eb fantastike q\u00eb jam k\u00ebtu duke folur me ju dhe duke e festuar k\u00ebt\u00eb.<\/p>\n<p><strong>\u2013 Si lindi mund\u00ebsia p\u00ebr t\u00eb drejtuar Komb\u00ebtaren Shqiptare?<\/strong><\/p>\n<p>\u2013 Ftesa ka ardhur nga nj\u00eb person shum\u00eb i af\u00ebrt me Presidentin e Federat\u00ebs. Un\u00eb jetoja n\u00eb Porto dhe isha i ftuar n\u00eb nj\u00eb dark\u00eb n\u00eb Milano. Presidenti i FSHF, Armand Duka ishte n\u00eb Itali p\u00ebr \u00e7\u00ebshtje biznesi dhe pat\u00ebm mund\u00ebsin\u00eb t\u00eb bisedonim pak p\u00ebr tema t\u00eb ndryshme. Kishte nj\u00eb kimi t\u00eb mir\u00eb, nj\u00eb harmoni mes synimeve t\u00eb Federat\u00ebs dhe asaj q\u00eb mendonim se do t\u00eb jepnim. Jo shum\u00eb koh\u00eb m\u00eb von\u00eb, ftesa u zyrtarizua dhe ne e pranuam. I k\u00ebrkuam Presidentit t\u00eb jetonim n\u00eb Tiran\u00eb dhe p\u00ebr t\u00eb kjo ishte nj\u00eb surpriz\u00eb e madhe. Asnj\u00eb nga paraardh\u00ebsit e mi nuk e kishte b\u00ebr\u00eb k\u00ebt\u00eb. Un\u00eb dhe ndihm\u00ebsit e mi donim t\u00eb q\u00ebndronim atje.<\/p>\n<p><strong>\u2013 A t\u00eb ka ndihmuar p\u00ebrvoja te Komb\u00ebtarja braziliane?<\/strong><\/p>\n<p>\u2013 Vet\u00eb Doriva, q\u00eb \u00ebsht\u00eb n\u00eb ekipin tim teknik, m\u00eb tha k\u00ebt\u00eb: Ke kaluar tre vjet me Titen n\u00eb Komb\u00ebtare, ke shkuar n\u00eb Bot\u00ebrorin 2018, p\u00ebrvoja jote \u00ebsht\u00eb tashm\u00eb shum\u00eb e mir\u00eb. E dija shum\u00eb mir\u00eb se \u00e7far\u00eb duhej t\u00eb b\u00ebnim p\u00ebr ta kryer pun\u00ebn mir\u00eb. Nj\u00eb gj\u00eb \u00ebsht\u00eb klubi, tjet\u00ebr \u00ebsht\u00eb Komb\u00ebtarja.<\/p>\n<p><strong>\u2013 \u00c7far\u00eb realiteti gjet\u00ebt n\u00eb Tiran\u00eb?<\/strong><\/p>\n<p>\u2013 Nj\u00eb Federat\u00eb shum\u00eb e evoluar, nj\u00eb godin\u00eb krejt\u00ebsisht e re, m\u00eb shum\u00eb se 100 punonj\u00ebs, kat\u00ebr kate ekskluzive p\u00ebr pun\u00ebn ton\u00eb. Shkojm\u00eb n\u00eb pun\u00eb \u00e7do dit\u00eb n\u00eb n\u00ebnt\u00eb t\u00eb m\u00ebngjesit dhe largohemi n\u00eb pes\u00eb pasdite. Arrit\u00ebm n\u00eb janar, ndeshja e par\u00eb ishte n\u00eb mars kund\u00ebr Polonis\u00eb dhe kishim nj\u00eb qend\u00ebr st\u00ebrvitore krejt t\u00eb re, gati p\u00ebr t\u00eb nisur. Kemi b\u00ebr\u00eb shum\u00eb vizita te futbollist\u00ebt, Presidenti ka qen\u00eb gjithmon\u00eb n\u00eb ndihm\u00eb. Kishte nj\u00eb far\u00eb frike nga ana jon\u00eb, sepse ky kompleks st\u00ebrvitor \u00ebsht\u00eb pik\u00ebrisht n\u00eb qend\u00ebr t\u00eb Tiran\u00ebs, por e v\u00ebrteta \u00ebsht\u00eb se nga tifoz\u00ebt, nga njer\u00ebzit, ka vet\u00ebm respekt. Kam gjetur nj\u00eb Federat\u00eb shum\u00eb t\u00eb strukturuar.<\/p>\n<p><strong>\u2013 Grupi i futbollist\u00ebve \u00ebsht\u00eb i nj\u00eb cil\u00ebsie t\u00eb mir\u00eb?<\/strong><\/p>\n<p>\u2013 E kuptuam shpejt q\u00eb kishim nj\u00eb grup t\u00eb mir\u00eb futbollist\u00ebsh, pasi pothuajse t\u00eb gjith\u00eb luajn\u00eb n\u00eb kampionate shum\u00eb t\u00eb r\u00ebnd\u00ebsishme. N\u00eb Serin\u00eb A, n\u00eb Bundeslig\u00eb, n\u00eb Premier League, n\u00eb La Liga, n\u00eb Portugali, t\u00eb gjith\u00eb k\u00ebto kampionate kan\u00eb lojtar\u00eb shqiptar\u00eb.<\/p>\n<p><strong>\u2013 Si punoni p\u00ebr t\u00eb rekrutuar lojtar\u00ebt q\u00eb jan\u00eb me origjin\u00eb shqiptare, por q\u00eb kan\u00eb lindur jasht\u00eb apo q\u00eb jan\u00eb larguar nga vendi? Kishte nevoj\u00eb p\u00ebr t\u2019i bindur ata t\u00eb p\u00ebrfaq\u00ebsonin Shqip\u00ebrin\u00eb?<\/strong><\/p>\n<p>\u2013 Ishte nj\u00eb pun\u00eb shum\u00eb e ndryshme nga \u00e7do gj\u00eb q\u00eb kisha b\u00ebr\u00eb m\u00eb par\u00eb. Historia e Shqip\u00ebris\u00eb \u00ebsht\u00eb shum\u00eb e pasur. Jan\u00eb tre milion\u00eb shqiptar\u00eb q\u00eb jetojn\u00eb aty dhe 15 milion\u00eb t\u00eb tjer\u00eb jetojn\u00eb n\u00eb territore t\u00eb tjera. Kemi futbollist\u00eb me komb\u00ebsi italiane, zvicerane apo gjermane q\u00eb jan\u00eb me origjin\u00eb shqiptare. Federata po e kryen shum\u00eb mir\u00eb pun\u00ebn e evidentimit t\u00eb talenteve dhe nuk \u00ebsht\u00eb pun\u00eb dyt\u00ebsore. Kemi pasur tet\u00eb ndeshje kualifikuese, disa tashm\u00eb jan\u00eb thirrur dhe t\u00eb tjer\u00eb mund t\u00eb vijn\u00eb n\u00eb t\u00eb ardhmen.<\/p>\n<p><strong>\u2013 T\u00eb jetosh n\u00eb Portugali, n\u00eb Europ\u00eb, a t\u00eb ka ndihmuar p\u00ebr t\u2019u b\u00ebr\u00eb trajner i Komb\u00ebtares shqiptare?<\/strong><\/p>\n<p>\u2013 Un\u00eb besoj se po. Kam jetuar me shum\u00eb kultura dhe metodologji. Brazil, Spanj\u00eb, kam kaluar tre vjet n\u00eb Premier League, pes\u00eb vjet duke punuar n\u00eb Itali dhe pik\u00ebrisht n\u00eb at\u00eb vend kam ndjekur kurset e mia t\u00eb trajnerit. Me fjal\u00eb t\u00eb tjera, ekziston nj\u00eb p\u00ebrzierje e madhe e njohurive. Idet\u00eb e mia, t\u00eb stafit teknik ishte nj\u00eb ndihm\u00eb tjet\u00ebr. Kemi Pablo Zabalet\u00ebn, Doriv\u00ebn, q\u00eb kan\u00eb punuar n\u00eb klubet m\u00eb t\u00eb m\u00ebdha n\u00eb Europ\u00eb.<\/p>\n<p><strong>\u2013 Shqip\u00ebria ka futbollist\u00eb n\u00eb kampionatet m\u00eb t\u00eb m\u00ebdha. A jua ka leht\u00ebsuar kjo gj\u00eb pun\u00ebn, t\u00eb pakt\u00ebn nga ana e mentalitetit?<\/strong><\/p>\n<p>\u2013 Shum\u00eb e sakt\u00eb. Nat\u00ebn kur u kualifikuam n\u00eb Euro 2024, p\u00ebrmenda dy trajner\u00eb q\u00eb ishin n\u00eb Komb\u00ebtare para nesh dhe q\u00eb lan\u00eb gj\u00ebra shum\u00eb pozitive. Njer\u00ebzit duhet ta kuptojn\u00eb procesin dhe ky proces nuk \u00ebsht\u00eb gjithmon\u00eb i shpejt\u00eb. Ata jan\u00eb m\u00ebsuar t\u00eb luajn\u00eb kund\u00ebr klubeve t\u00eb m\u00ebdha, kund\u00ebrshtar\u00ebve t\u00eb m\u00ebdhenj dhe t\u00eb ken\u00eb p\u00ebrgjegj\u00ebsin\u00eb p\u00ebr t\u00eb fituar. Ne kemi shtuar nj\u00eb metod\u00eb, nj\u00eb ide, por kemi p\u00ebrfituar nga trash\u00ebgimia e l\u00ebn\u00eb pas.<\/p>\n<p><strong>\u2013 N\u00eb Portugali jan\u00eb dy shqiptar\u00eb n\u00eb kategorin\u00eb e par\u00eb: Enea Mihaj luan p\u00ebr Famalic\u00e3o dhe Adrian Bajrami u thirr s\u00eb fundmi n\u00eb ekipin e par\u00eb t\u00eb Benfica-s.<\/strong><\/p>\n<p>\u2013 Po, erdha t\u2019i takoj personalisht n\u00eb nj\u00eb udh\u00ebtim n\u00eb Portugali dhe me Adrian Bajramin p\u00ebrvoja ishte n\u00eb fakt qesharake. Nuk e dija n\u00ebse fliste mir\u00eb portugalisht. Kur shk\u00ebmbenim mesazhe me shkrim ishte gjithmon\u00eb n\u00eb anglisht. Arrita n\u00eb Lisbon\u00eb, shkova ta takoja dhe Bajrami dukej m\u00eb shum\u00eb si nj\u00eb portugez. Ai \u00ebsht\u00eb nj\u00eb futbollist i ri. Futbolli ka ndryshuar, duhet t\u00eb flasim dhe m\u00eb pas t\u00eb marrim vendime. N\u00ebse gj\u00ebrat shpjegohen, ata kuptojn\u00eb. Bajrami \u00ebsht\u00eb m\u00eb i ri, ai \u00ebsht\u00eb te Benfica B, un\u00eb isha kurioz p\u00ebr t\u00eb. Enea Mihaj ishte pjes\u00eb e planeve tona, erdha t\u00eb shikoja dy ndeshje t\u00eb Famalic\u00e3o, fol\u00ebm n\u00eb anglisht. Ai \u00ebsht\u00eb thirrur, \u00ebsht\u00eb absolutisht profesionist, kujdeset shum\u00eb p\u00ebr t\u00eb gjitha aspektet fizike. Edhe Bajrami, por ai \u00ebsht\u00eb m\u00eb i ri. Ai ka aspekte t\u00eb rralla, shpejt\u00ebsin\u00eb dhe k\u00ebmb\u00ebn e majt\u00eb.<\/p>\n<p><strong>\u2013 \u00c7far\u00eb mund t\u00eb b\u00ebj\u00eb Shqip\u00ebria n\u00eb kampionatin Europian?<\/strong><\/p>\n<p>\u2013 E dim\u00eb q\u00eb grupi \u00ebsht\u00eb shum\u00eb i v\u00ebshtir\u00eb. Ne duhet t\u00eb testojm\u00eb forc\u00ebn ton\u00eb. N\u00eb Federat\u00ebn shqiptare jan\u00eb dy situata shum\u00eb t\u00eb qarta p\u00ebr ne: e para \u00ebsht\u00eb Europiani dhe ne duhet t\u00eb zhvillojm\u00eb nj\u00eb Europian t\u00eb ndersh\u00ebm, t\u00eb fort\u00eb, me karakteristikat e ekipit ton\u00eb q\u00eb nuk mund t\u2019i ndryshojm\u00eb, idet\u00eb tona jan\u00eb t\u00eb panegociueshme. Pjesa e dyt\u00eb p\u00ebrfshin p\u00ebrpjekjen p\u00ebr ta b\u00ebr\u00eb Shqip\u00ebrin\u00eb t\u00eb konkurroj\u00eb n\u00eb m\u00eb shum\u00eb Kampionate Europiane dhe t\u00eb filloj\u00eb t\u00eb mendoj\u00eb p\u00ebr t\u00eb qen\u00eb n\u00eb Kup\u00ebn e Bot\u00ebs. T\u00eb dyja pikat jan\u00eb t\u00eb v\u00ebshtira, por ne jemi n\u00eb nj\u00eb linj\u00eb t\u00eb p\u00ebrkryer me Federat\u00ebn.<\/p>\n<p><strong>\u2013 Tifoz\u00ebt n\u00eb Shqip\u00ebri, si mund ta menaxhojn\u00eb k\u00ebt\u00eb entuziaz\u00ebm, ju jeni n\u00eb nj\u00eb grup me Italin\u00eb, Spanj\u00ebn dhe Kroacin\u00eb?<\/strong><\/p>\n<p>\u2013 Ne kemi filluar t\u00eb punojm\u00eb p\u00ebr k\u00ebt\u00eb edhe para p\u00ebrfundimit t\u00eb kualifikimit. \u00cbsht\u00eb e v\u00ebrtet\u00eb, ka nj\u00eb atmosfer\u00eb euforie t\u00eb madhe. Kur ndeshja kund\u00ebr \u00c7ekis\u00eb n\u00eb sht\u00ebpi p\u00ebrfundoi 3-0 , nuk m\u00eb zinte gjumi. \u2018Si do ta menaxhojm\u00eb gjith\u00eb k\u00ebt\u00eb?\u2019 Njer\u00ebzit na telefonuan, pyet\u00ebn se \u00e7far\u00eb po ndodhte, than\u00eb se nuk kishin par\u00eb kurr\u00eb nj\u00eb gj\u00eb t\u00eb till\u00eb dhe se qyteti i Tiran\u00ebs po l\u00ebshonte fishekzjarre. Gjith\u00e7ka ishte shum\u00eb mir\u00eb. Duhet t\u00eb vendosim synime t\u00eb arritshme, nuk mund t\u00eb themi se jemi n\u00eb k\u00ebt\u00eb grup dhe \u00ebsht\u00eb e detyrueshme t\u00eb kalojm\u00eb m\u00eb tej. Ne duam vazhdim\u00ebsi, t\u00eb jemi s\u00ebrish n\u00eb Kampionatin Europian, por \u00ebsht\u00eb e r\u00ebnd\u00ebsishme t\u00eb kontrollohet kjo eufori. Tifozi nuk ka kufi dhe ka t\u00eb drejt\u00eb t\u00eb \u00ebnd\u00ebrroj\u00eb p\u00ebr Komb\u00ebtaren.<\/p>\n","protected":false},"excerpt":{"rendered":"<p>Trajneri i Komb\u00ebtares shqiptare, Sylvio Mendes Campos J\u00fanior ka zhvilluar nj\u00eb intervist\u00eb mjaft interesante p\u00ebr median portugeze \u201cZeroZero\u201d duke u rr\u00ebfyer p\u00ebr gjith\u00e7ka, rrug\u00ebtimin e tij me ekipin kuqezi, jeta n\u00eb Tiran\u00eb, puna me stafin dhe lojtar\u00ebt, kushtet e ofruara nga FSHF dhe mendimin e tij p\u00ebr dy futbollist\u00ebt shqiptar\u00eb q\u00eb luajn\u00eb n\u00eb Portugali, Adrian [&hellip;]<\/p>\n","protected":false},"author":5,"featured_media":66458,"comment_status":"closed","ping_status":"closed","sticky":false,"template":"","format":"standard","meta":{"footnotes":""},"categories":[6334,6332],"tags":[29018],"class_list":{"0":"post-70572","1":"post","2":"type-post","3":"status-publish","4":"format-standard","5":"has-post-thumbnail","7":"category-sport","8":"category-te-fundit","9":"tag-futboll-flet-silvinjo-ne-europian-do-te-tregojme"},"_links":{"self":[{"href":"https:\/\/jugulajm.net\/index.php?rest_route=\/wp\/v2\/posts\/70572","targetHints":{"allow":["GET"]}}],"collection":[{"href":"https:\/\/jugulajm.net\/index.php?rest_route=\/wp\/v2\/posts"}],"about":[{"href":"https:\/\/jugulajm.net\/index.php?rest_route=\/wp\/v2\/types\/post"}],"author":[{"embeddable":true,"href":"https:\/\/jugulajm.net\/index.php?rest_route=\/wp\/v2\/users\/5"}],"replies":[{"embeddable":true,"href":"https:\/\/jugulajm.net\/index.php?rest_route=%2Fwp%2Fv2%2Fcomments&post=70572"}],"version-history":[{"count":0,"href":"https:\/\/jugulajm.net\/index.php?rest_route=\/wp\/v2\/posts\/70572\/revisions"}],"wp:featuredmedia":[{"embeddable":true,"href":"https:\/\/jugulajm.net\/index.php?rest_route=\/wp\/v2\/media\/66458"}],"wp:attachment":[{"href":"https:\/\/jugulajm.net\/index.php?rest_route=%2Fwp%2Fv2%2Fmedia&parent=70572"}],"wp:term":[{"taxonomy":"category","embeddable":true,"href":"https:\/\/jugulajm.net\/index.php?rest_route=%2Fwp%2Fv2%2Fcategories&post=70572"},{"taxonomy":"post_tag","embeddable":true,"href":"https:\/\/jugulajm.net\/index.php?rest_route=%2Fwp%2Fv2%2Ftags&post=70572"}],"curies":[{"name":"wp","href":"https:\/\/api.w.org\/{rel}","templated":true}]}}