{"id":70552,"date":"2024-01-23T10:14:32","date_gmt":"2024-01-23T09:14:32","guid":{"rendered":"https:\/\/jugulajm.net\/?p=70552"},"modified":"2024-01-23T10:14:32","modified_gmt":"2024-01-23T09:14:32","slug":"berisha-ne-spak-erdha-te-denoncoj-edi-ramen-e-grupin-e-strukturuar-kriminal-ne-kete-ndertese","status":"publish","type":"post","link":"https:\/\/jugulajm.net\/?p=70552","title":{"rendered":"Berisha n\u00eb SPAK: Erdha t\u00eb d\u00ebnoncoj Edi Ram\u00ebn e grupin e strukturuar kriminal n\u00eb k\u00ebt\u00eb nd\u00ebrt\u00ebs\u00eb&#8230;"},"content":{"rendered":"<p class=\"selectionShareable\">Ish-kryeministri Berisha dha nj\u00eb deklarat\u00eb t\u00eb shkurt\u00ebr para hyrjes n\u00eb SPAK ku \u00ebsht\u00eb thirrur p\u00ebr t\u00eb d\u00ebshmuar p\u00ebr privatizimin e ish-klubit Partizani.<\/p>\n<p class=\"selectionShareable\">Para kap\u00ebrcimit t\u00eb der\u00ebs ai tha se ndodhej aty p\u00ebr t\u00eb d\u00ebnoncuar kryeministri Rama e grupin e strukturuar kriminal n\u00eb SPAK, q\u00eb \u00ebsht\u00eb angazhuar p\u00ebr t\u00eb luftuar kund\u00ebr pluralizmit.<\/p>\n<p class=\"selectionShareable\"><em>\u201cJu p\u00ebrfaq\u00ebsuat shqiptar\u00ebt, p\u00ebrfaq\u00ebsuat pluralizmin, PD-n\u00eb. Jam sot k\u00ebtu p\u00ebr t\u00eb d\u00ebnoncuar Edi Ram\u00ebn dhe grupin e organizuar kriminal n\u00eb k\u00ebt\u00eb nd\u00ebrt\u00ebs\u00eb q\u00eb angazhohet n\u00eb betej\u00eb kund\u00ebr pluralizmit. Fitore, fitore, fitore.\u201d<\/em>\u00a0\u2013 tha Berisha.<\/p>\n","protected":false},"excerpt":{"rendered":"<p>Ish-kryeministri Berisha dha nj\u00eb deklarat\u00eb t\u00eb shkurt\u00ebr para hyrjes n\u00eb SPAK ku \u00ebsht\u00eb thirrur p\u00ebr t\u00eb d\u00ebshmuar p\u00ebr privatizimin e ish-klubit Partizani. Para kap\u00ebrcimit t\u00eb der\u00ebs ai tha se ndodhej aty p\u00ebr t\u00eb d\u00ebnoncuar kryeministri Rama e grupin e strukturuar kriminal n\u00eb SPAK, q\u00eb \u00ebsht\u00eb angazhuar p\u00ebr t\u00eb luftuar kund\u00ebr pluralizmit. \u201cJu p\u00ebrfaq\u00ebsuat shqiptar\u00ebt, p\u00ebrfaq\u00ebsuat [&hellip;]<\/p>\n","protected":false},"author":5,"featured_media":70553,"comment_status":"closed","ping_status":"closed","sticky":false,"template":"","format":"standard","meta":{"footnotes":""},"categories":[1,6326,6332],"tags":[29006],"class_list":{"0":"post-70552","1":"post","2":"type-post","3":"status-publish","4":"format-standard","5":"has-post-thumbnail","7":"category-aktualitet","8":"category-politike","9":"category-te-fundit","10":"tag-berisha-ne-spak-erdha-te-denoncoj-edi-ramen-e-grupin-e-strukturuar-kriminal-ne-kete-ndertese"},"_links":{"self":[{"href":"https:\/\/jugulajm.net\/index.php?rest_route=\/wp\/v2\/posts\/70552","targetHints":{"allow":["GET"]}}],"collection":[{"href":"https:\/\/jugulajm.net\/index.php?rest_route=\/wp\/v2\/posts"}],"about":[{"href":"https:\/\/jugulajm.net\/index.php?rest_route=\/wp\/v2\/types\/post"}],"author":[{"embeddable":true,"href":"https:\/\/jugulajm.net\/index.php?rest_route=\/wp\/v2\/users\/5"}],"replies":[{"embeddable":true,"href":"https:\/\/jugulajm.net\/index.php?rest_route=%2Fwp%2Fv2%2Fcomments&post=70552"}],"version-history":[{"count":0,"href":"https:\/\/jugulajm.net\/index.php?rest_route=\/wp\/v2\/posts\/70552\/revisions"}],"wp:featuredmedia":[{"embeddable":true,"href":"https:\/\/jugulajm.net\/index.php?rest_route=\/wp\/v2\/media\/70553"}],"wp:attachment":[{"href":"https:\/\/jugulajm.net\/index.php?rest_route=%2Fwp%2Fv2%2Fmedia&parent=70552"}],"wp:term":[{"taxonomy":"category","embeddable":true,"href":"https:\/\/jugulajm.net\/index.php?rest_route=%2Fwp%2Fv2%2Fcategories&post=70552"},{"taxonomy":"post_tag","embeddable":true,"href":"https:\/\/jugulajm.net\/index.php?rest_route=%2Fwp%2Fv2%2Ftags&post=70552"}],"curies":[{"name":"wp","href":"https:\/\/api.w.org\/{rel}","templated":true}]}}