{"id":70542,"date":"2024-01-22T19:47:17","date_gmt":"2024-01-22T18:47:17","guid":{"rendered":"https:\/\/jugulajm.net\/?p=70542"},"modified":"2024-01-22T19:47:17","modified_gmt":"2024-01-22T18:47:17","slug":"garda-merr-ne-mbrojtje-gjyqtaren-e-kercenuar-arnisa-kellici","status":"publish","type":"post","link":"https:\/\/jugulajm.net\/?p=70542","title":{"rendered":"Garda merr n\u00eb mbrojtje gjyqtaren e k\u00ebrc\u00ebnuar, Arnisa K\u00eblli\u00e7i"},"content":{"rendered":"<p>Komisioni p\u00ebr Mbrojtjen e Magjistrat\u00ebve miratoi k\u00ebt\u00eb t\u00eb h\u00ebn\u00eb k\u00ebrkes\u00ebn e gjyqtares Arnisa K\u00eblli\u00e7i, p\u00ebr mbrojtje t\u00eb posa\u00e7me.<\/p>\n<p>Mbrojtja e posa\u00e7me nga Garda e Republik\u00ebs \u00ebsht\u00eb miratuar p\u00ebr nj\u00eb afat kohor 3 mujor me t\u00eb drejt\u00eb rishikimi n\u00eb fund t\u00eb k\u00ebtij afati.<\/p>\n<p>Gjyqtarja e Tiran\u00ebs iu drejtua me k\u00ebrkes\u00eb p\u00ebr mbrojtje K\u00ebshillit t\u00eb Lart\u00eb Gjyq\u00ebsor t\u00eb shtun\u00ebn, pasi mori nj\u00eb let\u00ebr k\u00ebrc\u00ebnuese p\u00ebr t\u00eb dhe familjen.<\/p>\n<p>Ajo k\u00ebrkoi po ashtu hetime nga policia p\u00ebr t\u00eb gjetur autor\u00ebt.<\/p>\n<p>Nj\u00eb dit\u00eb m\u00eb par\u00eb, policia tha se hetimet jan\u00eb duke vijuar, por ende nuk kan\u00eb arritur t\u00eb identifikojn\u00eb kush ia ka nisur letr\u00ebn me mesazhin k\u00ebrc\u00ebnues p\u00ebr jet\u00ebn e magjistrates dhe f\u00ebmij\u00ebve t\u00eb saj.<\/p>\n<p>Nga ana tjet\u00ebr, n\u00eb letr\u00ebn e d\u00ebrguar pran\u00eb KLGJ, K\u00eblli\u00e7i pretendon se ky ishte k\u00ebrc\u00ebnimi i dyt\u00eb q\u00eb i \u00ebsht\u00eb b\u00ebr\u00eb, pasi m\u00eb her\u00ebt ishte njoftuar edhe nga kancelari i Gjykat\u00ebs s\u00eb Tiran\u00ebs p\u00ebr nj\u00eb k\u00ebrc\u00ebnim n\u00eb emrin e saj.<\/p>\n","protected":false},"excerpt":{"rendered":"<p>Komisioni p\u00ebr Mbrojtjen e Magjistrat\u00ebve miratoi k\u00ebt\u00eb t\u00eb h\u00ebn\u00eb k\u00ebrkes\u00ebn e gjyqtares Arnisa K\u00eblli\u00e7i, p\u00ebr mbrojtje t\u00eb posa\u00e7me. Mbrojtja e posa\u00e7me nga Garda e Republik\u00ebs \u00ebsht\u00eb miratuar p\u00ebr nj\u00eb afat kohor 3 mujor me t\u00eb drejt\u00eb rishikimi n\u00eb fund t\u00eb k\u00ebtij afati. Gjyqtarja e Tiran\u00ebs iu drejtua me k\u00ebrkes\u00eb p\u00ebr mbrojtje K\u00ebshillit t\u00eb Lart\u00eb Gjyq\u00ebsor [&hellip;]<\/p>\n","protected":false},"author":5,"featured_media":70460,"comment_status":"closed","ping_status":"closed","sticky":false,"template":"","format":"standard","meta":{"footnotes":""},"categories":[1,6332],"tags":[29003,29002],"class_list":{"0":"post-70542","1":"post","2":"type-post","3":"status-publish","4":"format-standard","5":"has-post-thumbnail","7":"category-aktualitet","8":"category-te-fundit","9":"tag-arnisa-kellici","10":"tag-garda-merr-ne-mbrojtje-gjyqtaren-e-kercenuar"},"_links":{"self":[{"href":"https:\/\/jugulajm.net\/index.php?rest_route=\/wp\/v2\/posts\/70542","targetHints":{"allow":["GET"]}}],"collection":[{"href":"https:\/\/jugulajm.net\/index.php?rest_route=\/wp\/v2\/posts"}],"about":[{"href":"https:\/\/jugulajm.net\/index.php?rest_route=\/wp\/v2\/types\/post"}],"author":[{"embeddable":true,"href":"https:\/\/jugulajm.net\/index.php?rest_route=\/wp\/v2\/users\/5"}],"replies":[{"embeddable":true,"href":"https:\/\/jugulajm.net\/index.php?rest_route=%2Fwp%2Fv2%2Fcomments&post=70542"}],"version-history":[{"count":0,"href":"https:\/\/jugulajm.net\/index.php?rest_route=\/wp\/v2\/posts\/70542\/revisions"}],"wp:featuredmedia":[{"embeddable":true,"href":"https:\/\/jugulajm.net\/index.php?rest_route=\/wp\/v2\/media\/70460"}],"wp:attachment":[{"href":"https:\/\/jugulajm.net\/index.php?rest_route=%2Fwp%2Fv2%2Fmedia&parent=70542"}],"wp:term":[{"taxonomy":"category","embeddable":true,"href":"https:\/\/jugulajm.net\/index.php?rest_route=%2Fwp%2Fv2%2Fcategories&post=70542"},{"taxonomy":"post_tag","embeddable":true,"href":"https:\/\/jugulajm.net\/index.php?rest_route=%2Fwp%2Fv2%2Ftags&post=70542"}],"curies":[{"name":"wp","href":"https:\/\/api.w.org\/{rel}","templated":true}]}}