{"id":70538,"date":"2024-01-22T17:16:40","date_gmt":"2024-01-22T16:16:40","guid":{"rendered":"https:\/\/jugulajm.net\/?p=70538"},"modified":"2024-01-22T17:16:40","modified_gmt":"2024-01-22T16:16:40","slug":"itali-humb-jeten-shqiptari-53-vjecar-ra-nga-lartesia-ku-punonte","status":"publish","type":"post","link":"https:\/\/jugulajm.net\/?p=70538","title":{"rendered":"Itali, humb jet\u00ebn shqiptari 53-vje\u00e7ar, ra nga lart\u00ebsia ku punonte"},"content":{"rendered":"<p>Nj\u00eb 53-vje\u00e7ar shqiptar ka humbur jet\u00ebn n\u00eb Bareggio, n\u00eb zon\u00ebn e Milanos, pasi ka r\u00ebn\u00eb nga \u00e7atia e nj\u00eb kompanie zdrukthtarie metalike.<\/p>\n<p>Ngjarje ndodhi pak pas or\u00ebs 7 e 30 t\u00eb m\u00ebngjesit.<\/p>\n<p>Nga nj\u00eb hetim fillestar duket se ka qen\u00eb nj\u00eb aksident n\u00eb pun\u00eb.<\/p>\n<p>Karabinier\u00ebt e kompanis\u00eb Abbiategrasso dhe inspektor\u00ebt e ATS po hetojn\u00eb \u00e7\u00ebshtjen.<\/p>\n<p>Sipas\u00a0<a href=\"https:\/\/milano.corriere.it\/notizie\/cronaca\/24_gennaio_22\/bareggio-incidente-sul-lavoro-operaio-53enne-cade-dal-tetto-di-un-capannone-forse-tradito-da-un-parapetto-deteriorato-88801f59-bf35-40da-9b54-9211951bexlk.shtml#:~:text=leggilo%20quando%20vuoi.-,Bareggio%2C%20operaio%2053enne%20cade%20dal%20tetto%20di%20un%20capannone%20e,tradito%20da%20un%20parapetto%20deteriorato&amp;text=Un%2053enne%20albanese%20%C3%A8%20morto,una%20ditta%20di%20carpenteria%20metallica.\">mediave italiane<\/a>, dyshohet se shqiptari kishte nisur t\u00eb flinte n\u00eb kompanin\u00eb ku punonte pas ndarjes nga gruaja, pasi n\u00eb vendngjarje u gjet nj\u00eb dyshek dhe sende t\u00eb tjera personale.<\/p>\n","protected":false},"excerpt":{"rendered":"<p>Nj\u00eb 53-vje\u00e7ar shqiptar ka humbur jet\u00ebn n\u00eb Bareggio, n\u00eb zon\u00ebn e Milanos, pasi ka r\u00ebn\u00eb nga \u00e7atia e nj\u00eb kompanie zdrukthtarie metalike. Ngjarje ndodhi pak pas or\u00ebs 7 e 30 t\u00eb m\u00ebngjesit. Nga nj\u00eb hetim fillestar duket se ka qen\u00eb nj\u00eb aksident n\u00eb pun\u00eb. Karabinier\u00ebt e kompanis\u00eb Abbiategrasso dhe inspektor\u00ebt e ATS po hetojn\u00eb \u00e7\u00ebshtjen. [&hellip;]<\/p>\n","protected":false},"author":5,"featured_media":69292,"comment_status":"closed","ping_status":"closed","sticky":false,"template":"","format":"standard","meta":{"footnotes":""},"categories":[1,6332],"tags":[28999,26133,28410],"class_list":{"0":"post-70538","1":"post","2":"type-post","3":"status-publish","4":"format-standard","5":"has-post-thumbnail","7":"category-aktualitet","8":"category-te-fundit","9":"tag-humb-jeten-shqiptari-53-vjecar","10":"tag-itali","11":"tag-ra-nga-lartesia-ku-punonte"},"_links":{"self":[{"href":"https:\/\/jugulajm.net\/index.php?rest_route=\/wp\/v2\/posts\/70538","targetHints":{"allow":["GET"]}}],"collection":[{"href":"https:\/\/jugulajm.net\/index.php?rest_route=\/wp\/v2\/posts"}],"about":[{"href":"https:\/\/jugulajm.net\/index.php?rest_route=\/wp\/v2\/types\/post"}],"author":[{"embeddable":true,"href":"https:\/\/jugulajm.net\/index.php?rest_route=\/wp\/v2\/users\/5"}],"replies":[{"embeddable":true,"href":"https:\/\/jugulajm.net\/index.php?rest_route=%2Fwp%2Fv2%2Fcomments&post=70538"}],"version-history":[{"count":0,"href":"https:\/\/jugulajm.net\/index.php?rest_route=\/wp\/v2\/posts\/70538\/revisions"}],"wp:featuredmedia":[{"embeddable":true,"href":"https:\/\/jugulajm.net\/index.php?rest_route=\/wp\/v2\/media\/69292"}],"wp:attachment":[{"href":"https:\/\/jugulajm.net\/index.php?rest_route=%2Fwp%2Fv2%2Fmedia&parent=70538"}],"wp:term":[{"taxonomy":"category","embeddable":true,"href":"https:\/\/jugulajm.net\/index.php?rest_route=%2Fwp%2Fv2%2Fcategories&post=70538"},{"taxonomy":"post_tag","embeddable":true,"href":"https:\/\/jugulajm.net\/index.php?rest_route=%2Fwp%2Fv2%2Ftags&post=70538"}],"curies":[{"name":"wp","href":"https:\/\/api.w.org\/{rel}","templated":true}]}}